{"id":17209,"date":"2015-10-17T00:08:03","date_gmt":"2015-10-17T03:08:03","guid":{"rendered":"http:\/\/www.sanfernandonuestro.com.ar\/wp\/?p=17209"},"modified":"2015-10-17T01:26:47","modified_gmt":"2015-10-17T04:26:47","slug":"jose-piazza-no-tenemos-apoyo-economico-de-las-empresas-ni-de-nacion","status":"publish","type":"post","link":"https:\/\/www.sanfernandonuestro.com.ar\/wp\/jose-piazza-no-tenemos-apoyo-economico-de-las-empresas-ni-de-nacion\/","title":{"rendered":"Jos\u00e9 Piazza: \u00abNo tenemos apoyo econ\u00f3mico de las empresas ni de Naci\u00f3n\u00bb"},"content":{"rendered":"<p><strong>Por Sabrina Garc\u00eda<\/strong><\/p><div id=\"sanfe-98637095\" class=\"sanfe-contenido sanfe-entity-placement\" style=\"margin-top: 1px;margin-right: 2px;\"><script async src=\"\/\/pagead2.googlesyndication.com\/pagead\/js\/adsbygoogle.js\"><\/script>\r\n<!-- anuncio -->\r\n<ins class=\"adsbygoogle\"\r\n     style=\"display:block\"\r\n     data-ad-client=\"ca-pub-6719099566820218\"\r\n     data-ad-slot=\"4258158415\"\r\n     data-ad-format=\"auto\"\r\n     data-full-width-responsive=\"true\"><\/ins>\r\n<script>\r\n(adsbygoogle = window.adsbygoogle || []).push({});\r\n<\/script><\/div><br style=\"clear: both; display: block; float: none;\"\/>\n<p><strong>El candidato del Frente de Izquierda y de los Trabajadores (FIT), Jos\u00e9\u00a0Piazza particip\u00f3 del debate, organizado por el Colegio Don Orione, con los cinco candidatos a intendente. (Ver: <a href=\"http:\/\/www.sanfernandonuestro.com.ar\/wp\/los-cinco-candidatos-a-intendente-participaron-de-un-debate-en-el-colegio-don-orione\/\">Los cinco candidatos a intendente participaron de un debate en el Colegio Don Orione<\/a>).<\/strong><\/p>\n<p><em>\u00abMe pareci\u00f3 muy interesante el debate. Me parece bien que los colegios abran\u00a0estos espacios a todo tipo de expresi\u00f3n pol\u00edtica e ideol\u00f3gica\u00bb<\/em>, coment\u00f3 Piazza y agreg\u00f3: <em>\u00abHemos podido expresar nuestras propuestas, algo que se nos dificulta mucho en San Fernando ya que somos una fuerza pol\u00edtica que no tiene apoyo econ\u00f3mico de las empresas o de la Naci\u00f3n y nos cuesta mucho llegar\u00bb.<\/em><\/p>\n<p>Entre las propuestas, el candidato del FIT se refiri\u00f3 a la de <em>\u00abeducaci\u00f3n laica y gratuita, aumento de salarios y el 82% m\u00f3vil para los jubilados\u00bb.<\/em><\/p>\n\t\t\n\t\t\t\t\t<div class=\"video-container\">\n\t\t\t\t\t\t<iframe loading=\"lazy\" width=\"820\" height=\"615\" src=\"http:\/\/www.youtube.com\/embed\/ZsWXEOlxItQ?rel=0\" frameborder=\"0\" allowfullscreen><\/iframe>\n\t\t\t\t\t<\/div>\n<p>&nbsp;<\/p>\n","protected":false},"excerpt":{"rendered":"<p>Por Sabrina Garc\u00eda El candidato del Frente de Izquierda y de los Trabajadores (FIT), Jos\u00e9\u00a0Piazza particip\u00f3 del debate, organizado por el Colegio Don Orione, con los cinco candidatos a intendente.<\/p>\n","protected":false},"author":3,"featured_media":17210,"comment_status":"open","ping_status":"open","sticky":false,"template":"","format":"standard","meta":{"footnotes":""},"categories":[4],"tags":[1806,453,1808],"class_list":["post-17209","post","type-post","status-publish","format-standard","has-post-thumbnail","hentry","category-politica","tag-colegio-don-orione","tag-debate","tag-jose-piazza"],"yoast_head":"<!-- This site is optimized with the Yoast SEO plugin v28.3 - https:\/\/yoast.com\/product\/yoast-seo-wordpress\/ -->\n<title>Jos\u00e9 Piazza: &quot;No tenemos apoyo econ\u00f3mico de las empresas ni de Naci\u00f3n&quot; - San Fernando Nuestro<\/title>\n<meta name=\"robots\" content=\"index, follow, max-snippet:-1, max-image-preview:large, max-video-preview:-1\" \/>\n<link rel=\"canonical\" href=\"https:\/\/www.sanfernandonuestro.com.ar\/wp\/jose-piazza-no-tenemos-apoyo-economico-de-las-empresas-ni-de-nacion\/\" \/>\n<meta property=\"og:locale\" content=\"es_ES\" \/>\n<meta property=\"og:type\" content=\"article\" \/>\n<meta property=\"og:title\" content=\"Jos\u00e9 Piazza: &quot;No tenemos apoyo econ\u00f3mico de las empresas ni de Naci\u00f3n&quot; - San Fernando Nuestro\" \/>\n<meta property=\"og:description\" content=\"Por Sabrina Garc\u00eda El candidato del Frente de Izquierda y de los Trabajadores (FIT), Jos\u00e9\u00a0Piazza particip\u00f3 del debate, organizado por el Colegio Don Orione, con los cinco candidatos a intendente.\" \/>\n<meta property=\"og:url\" content=\"https:\/\/www.sanfernandonuestro.com.ar\/wp\/jose-piazza-no-tenemos-apoyo-economico-de-las-empresas-ni-de-nacion\/\" \/>\n<meta property=\"og:site_name\" content=\"San Fernando Nuestro\" \/>\n<meta property=\"article:publisher\" content=\"https:\/\/www.facebook.com\/SanFernandoNuestro\/\" \/>\n<meta property=\"article:author\" content=\"https:\/\/www.facebook.com\/sabrina.v.garcia\" \/>\n<meta property=\"article:published_time\" content=\"2015-10-17T03:08:03+00:00\" \/>\n<meta property=\"article:modified_time\" content=\"2015-10-17T04:26:47+00:00\" \/>\n<meta property=\"og:image\" content=\"https:\/\/www.sanfernandonuestro.com.ar\/wp\/wp-content\/uploads\/2015\/10\/DSC07416-e1445047329464.jpg\" \/>\n\t<meta property=\"og:image:width\" content=\"900\" \/>\n\t<meta property=\"og:image:height\" content=\"564\" \/>\n\t<meta property=\"og:image:type\" content=\"image\/jpeg\" \/>\n<meta name=\"author\" content=\"Sabrina Garcia\" \/>\n<meta name=\"twitter:card\" content=\"summary_large_image\" \/>\n<meta name=\"twitter:creator\" content=\"@https:\/\/twitter.com\/garciasabri?lang=es\" \/>\n<meta name=\"twitter:site\" content=\"@sfnuestro\" \/>\n<meta name=\"twitter:label1\" content=\"Escrito por\" \/>\n\t<meta name=\"twitter:data1\" content=\"Sabrina Garcia\" \/>\n\t<meta name=\"twitter:label2\" content=\"Tiempo de lectura\" \/>\n\t<meta name=\"twitter:data2\" content=\"1 minuto\" \/>\n<script type=\"application\/ld+json\" class=\"yoast-schema-graph\">{\"@context\":\"https:\\\/\\\/schema.org\",\"@graph\":[{\"@type\":\"Article\",\"@id\":\"https:\\\/\\\/www.sanfernandonuestro.com.ar\\\/wp\\\/jose-piazza-no-tenemos-apoyo-economico-de-las-empresas-ni-de-nacion\\\/#article\",\"isPartOf\":{\"@id\":\"https:\\\/\\\/www.sanfernandonuestro.com.ar\\\/wp\\\/jose-piazza-no-tenemos-apoyo-economico-de-las-empresas-ni-de-nacion\\\/\"},\"author\":{\"name\":\"Sabrina Garcia\",\"@id\":\"https:\\\/\\\/www.sanfernandonuestro.com.ar\\\/wp\\\/#\\\/schema\\\/person\\\/b42a4d7cb7767aa65f3c9bb2861fcbe7\"},\"headline\":\"Jos\u00e9 Piazza: \u00abNo tenemos apoyo econ\u00f3mico de las empresas ni de Naci\u00f3n\u00bb\",\"datePublished\":\"2015-10-17T03:08:03+00:00\",\"dateModified\":\"2015-10-17T04:26:47+00:00\",\"mainEntityOfPage\":{\"@id\":\"https:\\\/\\\/www.sanfernandonuestro.com.ar\\\/wp\\\/jose-piazza-no-tenemos-apoyo-economico-de-las-empresas-ni-de-nacion\\\/\"},\"wordCount\":167,\"commentCount\":0,\"publisher\":{\"@id\":\"https:\\\/\\\/www.sanfernandonuestro.com.ar\\\/wp\\\/#organization\"},\"image\":{\"@id\":\"https:\\\/\\\/www.sanfernandonuestro.com.ar\\\/wp\\\/jose-piazza-no-tenemos-apoyo-economico-de-las-empresas-ni-de-nacion\\\/#primaryimage\"},\"thumbnailUrl\":\"https:\\\/\\\/www.sanfernandonuestro.com.ar\\\/wp\\\/wp-content\\\/uploads\\\/2015\\\/10\\\/DSC07416-e1445047329464.jpg\",\"keywords\":[\"Colegio Don Orione\",\"Debate\",\"Jos\u00e9 Piazza\"],\"articleSection\":[\"POL\u00cdTICA\"],\"inLanguage\":\"es\",\"potentialAction\":[{\"@type\":\"CommentAction\",\"name\":\"Comment\",\"target\":[\"https:\\\/\\\/www.sanfernandonuestro.com.ar\\\/wp\\\/jose-piazza-no-tenemos-apoyo-economico-de-las-empresas-ni-de-nacion\\\/#respond\"]}]},{\"@type\":\"WebPage\",\"@id\":\"https:\\\/\\\/www.sanfernandonuestro.com.ar\\\/wp\\\/jose-piazza-no-tenemos-apoyo-economico-de-las-empresas-ni-de-nacion\\\/\",\"url\":\"https:\\\/\\\/www.sanfernandonuestro.com.ar\\\/wp\\\/jose-piazza-no-tenemos-apoyo-economico-de-las-empresas-ni-de-nacion\\\/\",\"name\":\"Jos\u00e9 Piazza: \\\"No tenemos apoyo econ\u00f3mico de las empresas ni de Naci\u00f3n\\\" - San Fernando Nuestro\",\"isPartOf\":{\"@id\":\"https:\\\/\\\/www.sanfernandonuestro.com.ar\\\/wp\\\/#website\"},\"primaryImageOfPage\":{\"@id\":\"https:\\\/\\\/www.sanfernandonuestro.com.ar\\\/wp\\\/jose-piazza-no-tenemos-apoyo-economico-de-las-empresas-ni-de-nacion\\\/#primaryimage\"},\"image\":{\"@id\":\"https:\\\/\\\/www.sanfernandonuestro.com.ar\\\/wp\\\/jose-piazza-no-tenemos-apoyo-economico-de-las-empresas-ni-de-nacion\\\/#primaryimage\"},\"thumbnailUrl\":\"https:\\\/\\\/www.sanfernandonuestro.com.ar\\\/wp\\\/wp-content\\\/uploads\\\/2015\\\/10\\\/DSC07416-e1445047329464.jpg\",\"datePublished\":\"2015-10-17T03:08:03+00:00\",\"dateModified\":\"2015-10-17T04:26:47+00:00\",\"breadcrumb\":{\"@id\":\"https:\\\/\\\/www.sanfernandonuestro.com.ar\\\/wp\\\/jose-piazza-no-tenemos-apoyo-economico-de-las-empresas-ni-de-nacion\\\/#breadcrumb\"},\"inLanguage\":\"es\",\"potentialAction\":[{\"@type\":\"ReadAction\",\"target\":[\"https:\\\/\\\/www.sanfernandonuestro.com.ar\\\/wp\\\/jose-piazza-no-tenemos-apoyo-economico-de-las-empresas-ni-de-nacion\\\/\"]}]},{\"@type\":\"ImageObject\",\"inLanguage\":\"es\",\"@id\":\"https:\\\/\\\/www.sanfernandonuestro.com.ar\\\/wp\\\/jose-piazza-no-tenemos-apoyo-economico-de-las-empresas-ni-de-nacion\\\/#primaryimage\",\"url\":\"https:\\\/\\\/www.sanfernandonuestro.com.ar\\\/wp\\\/wp-content\\\/uploads\\\/2015\\\/10\\\/DSC07416-e1445047329464.jpg\",\"contentUrl\":\"https:\\\/\\\/www.sanfernandonuestro.com.ar\\\/wp\\\/wp-content\\\/uploads\\\/2015\\\/10\\\/DSC07416-e1445047329464.jpg\",\"width\":900,\"height\":564},{\"@type\":\"BreadcrumbList\",\"@id\":\"https:\\\/\\\/www.sanfernandonuestro.com.ar\\\/wp\\\/jose-piazza-no-tenemos-apoyo-economico-de-las-empresas-ni-de-nacion\\\/#breadcrumb\",\"itemListElement\":[{\"@type\":\"ListItem\",\"position\":1,\"name\":\"Portada\",\"item\":\"https:\\\/\\\/www.sanfernandonuestro.com.ar\\\/wp\\\/\"},{\"@type\":\"ListItem\",\"position\":2,\"name\":\"Jos\u00e9 Piazza: \u00abNo tenemos apoyo econ\u00f3mico de las empresas ni de Naci\u00f3n\u00bb\"}]},{\"@type\":\"WebSite\",\"@id\":\"https:\\\/\\\/www.sanfernandonuestro.com.ar\\\/wp\\\/#website\",\"url\":\"https:\\\/\\\/www.sanfernandonuestro.com.ar\\\/wp\\\/\",\"name\":\"San Fernando Nuestro\",\"description\":\"Un Lugar de Encuentro\",\"publisher\":{\"@id\":\"https:\\\/\\\/www.sanfernandonuestro.com.ar\\\/wp\\\/#organization\"},\"potentialAction\":[{\"@type\":\"SearchAction\",\"target\":{\"@type\":\"EntryPoint\",\"urlTemplate\":\"https:\\\/\\\/www.sanfernandonuestro.com.ar\\\/wp\\\/?s={search_term_string}\"},\"query-input\":{\"@type\":\"PropertyValueSpecification\",\"valueRequired\":true,\"valueName\":\"search_term_string\"}}],\"inLanguage\":\"es\"},{\"@type\":\"Organization\",\"@id\":\"https:\\\/\\\/www.sanfernandonuestro.com.ar\\\/wp\\\/#organization\",\"name\":\"San Fernando Nuestro\",\"url\":\"https:\\\/\\\/www.sanfernandonuestro.com.ar\\\/wp\\\/\",\"logo\":{\"@type\":\"ImageObject\",\"inLanguage\":\"es\",\"@id\":\"https:\\\/\\\/www.sanfernandonuestro.com.ar\\\/wp\\\/#\\\/schema\\\/logo\\\/image\\\/\",\"url\":\"https:\\\/\\\/www.sanfernandonuestro.com.ar\\\/wp\\\/wp-content\\\/uploads\\\/2026\\\/07\\\/sfn-marca.png\",\"contentUrl\":\"https:\\\/\\\/www.sanfernandonuestro.com.ar\\\/wp\\\/wp-content\\\/uploads\\\/2026\\\/07\\\/sfn-marca.png\",\"width\":390,\"height\":116,\"caption\":\"San Fernando Nuestro\"},\"image\":{\"@id\":\"https:\\\/\\\/www.sanfernandonuestro.com.ar\\\/wp\\\/#\\\/schema\\\/logo\\\/image\\\/\"},\"sameAs\":[\"https:\\\/\\\/www.facebook.com\\\/SanFernandoNuestro\\\/\",\"https:\\\/\\\/x.com\\\/sfnuestro\"]},{\"@type\":\"Person\",\"@id\":\"https:\\\/\\\/www.sanfernandonuestro.com.ar\\\/wp\\\/#\\\/schema\\\/person\\\/b42a4d7cb7767aa65f3c9bb2861fcbe7\",\"name\":\"Sabrina Garcia\",\"image\":{\"@type\":\"ImageObject\",\"inLanguage\":\"es\",\"@id\":\"https:\\\/\\\/secure.gravatar.com\\\/avatar\\\/635861e691b92a500308c1d7346bf695f797b11664daf3c231692c62a64f23fb?s=96&d=mm&r=g\",\"url\":\"https:\\\/\\\/secure.gravatar.com\\\/avatar\\\/635861e691b92a500308c1d7346bf695f797b11664daf3c231692c62a64f23fb?s=96&d=mm&r=g\",\"contentUrl\":\"https:\\\/\\\/secure.gravatar.com\\\/avatar\\\/635861e691b92a500308c1d7346bf695f797b11664daf3c231692c62a64f23fb?s=96&d=mm&r=g\",\"caption\":\"Sabrina Garcia\"},\"sameAs\":[\"https:\\\/\\\/www.facebook.com\\\/sabrina.v.garcia\",\"sgarcia\",\"https:\\\/\\\/x.com\\\/https:\\\/\\\/twitter.com\\\/garciasabri?lang=es\",\"https:\\\/\\\/www.youtube.com\\\/user\\\/garciasabri\"],\"url\":\"https:\\\/\\\/www.sanfernandonuestro.com.ar\\\/wp\\\/author\\\/sgarcia\\\/\"}]}<\/script>\n<!-- \/ Yoast SEO plugin. -->","yoast_head_json":{"title":"Jos\u00e9 Piazza: \"No tenemos apoyo econ\u00f3mico de las empresas ni de Naci\u00f3n\" - San Fernando Nuestro","robots":{"index":"index","follow":"follow","max-snippet":"max-snippet:-1","max-image-preview":"max-image-preview:large","max-video-preview":"max-video-preview:-1"},"canonical":"https:\/\/www.sanfernandonuestro.com.ar\/wp\/jose-piazza-no-tenemos-apoyo-economico-de-las-empresas-ni-de-nacion\/","og_locale":"es_ES","og_type":"article","og_title":"Jos\u00e9 Piazza: \"No tenemos apoyo econ\u00f3mico de las empresas ni de Naci\u00f3n\" - San Fernando Nuestro","og_description":"Por Sabrina Garc\u00eda El candidato del Frente de Izquierda y de los Trabajadores (FIT), Jos\u00e9\u00a0Piazza particip\u00f3 del debate, organizado por el Colegio Don Orione, con los cinco candidatos a intendente.","og_url":"https:\/\/www.sanfernandonuestro.com.ar\/wp\/jose-piazza-no-tenemos-apoyo-economico-de-las-empresas-ni-de-nacion\/","og_site_name":"San Fernando Nuestro","article_publisher":"https:\/\/www.facebook.com\/SanFernandoNuestro\/","article_author":"https:\/\/www.facebook.com\/sabrina.v.garcia","article_published_time":"2015-10-17T03:08:03+00:00","article_modified_time":"2015-10-17T04:26:47+00:00","og_image":[{"width":900,"height":564,"url":"https:\/\/www.sanfernandonuestro.com.ar\/wp\/wp-content\/uploads\/2015\/10\/DSC07416-e1445047329464.jpg","type":"image\/jpeg"}],"author":"Sabrina Garcia","twitter_card":"summary_large_image","twitter_creator":"@https:\/\/twitter.com\/garciasabri?lang=es","twitter_site":"@sfnuestro","twitter_misc":{"Escrito por":"Sabrina Garcia","Tiempo de lectura":"1 minuto"},"schema":{"@context":"https:\/\/schema.org","@graph":[{"@type":"Article","@id":"https:\/\/www.sanfernandonuestro.com.ar\/wp\/jose-piazza-no-tenemos-apoyo-economico-de-las-empresas-ni-de-nacion\/#article","isPartOf":{"@id":"https:\/\/www.sanfernandonuestro.com.ar\/wp\/jose-piazza-no-tenemos-apoyo-economico-de-las-empresas-ni-de-nacion\/"},"author":{"name":"Sabrina Garcia","@id":"https:\/\/www.sanfernandonuestro.com.ar\/wp\/#\/schema\/person\/b42a4d7cb7767aa65f3c9bb2861fcbe7"},"headline":"Jos\u00e9 Piazza: \u00abNo tenemos apoyo econ\u00f3mico de las empresas ni de Naci\u00f3n\u00bb","datePublished":"2015-10-17T03:08:03+00:00","dateModified":"2015-10-17T04:26:47+00:00","mainEntityOfPage":{"@id":"https:\/\/www.sanfernandonuestro.com.ar\/wp\/jose-piazza-no-tenemos-apoyo-economico-de-las-empresas-ni-de-nacion\/"},"wordCount":167,"commentCount":0,"publisher":{"@id":"https:\/\/www.sanfernandonuestro.com.ar\/wp\/#organization"},"image":{"@id":"https:\/\/www.sanfernandonuestro.com.ar\/wp\/jose-piazza-no-tenemos-apoyo-economico-de-las-empresas-ni-de-nacion\/#primaryimage"},"thumbnailUrl":"https:\/\/www.sanfernandonuestro.com.ar\/wp\/wp-content\/uploads\/2015\/10\/DSC07416-e1445047329464.jpg","keywords":["Colegio Don Orione","Debate","Jos\u00e9 Piazza"],"articleSection":["POL\u00cdTICA"],"inLanguage":"es","potentialAction":[{"@type":"CommentAction","name":"Comment","target":["https:\/\/www.sanfernandonuestro.com.ar\/wp\/jose-piazza-no-tenemos-apoyo-economico-de-las-empresas-ni-de-nacion\/#respond"]}]},{"@type":"WebPage","@id":"https:\/\/www.sanfernandonuestro.com.ar\/wp\/jose-piazza-no-tenemos-apoyo-economico-de-las-empresas-ni-de-nacion\/","url":"https:\/\/www.sanfernandonuestro.com.ar\/wp\/jose-piazza-no-tenemos-apoyo-economico-de-las-empresas-ni-de-nacion\/","name":"Jos\u00e9 Piazza: \"No tenemos apoyo econ\u00f3mico de las empresas ni de Naci\u00f3n\" - San Fernando Nuestro","isPartOf":{"@id":"https:\/\/www.sanfernandonuestro.com.ar\/wp\/#website"},"primaryImageOfPage":{"@id":"https:\/\/www.sanfernandonuestro.com.ar\/wp\/jose-piazza-no-tenemos-apoyo-economico-de-las-empresas-ni-de-nacion\/#primaryimage"},"image":{"@id":"https:\/\/www.sanfernandonuestro.com.ar\/wp\/jose-piazza-no-tenemos-apoyo-economico-de-las-empresas-ni-de-nacion\/#primaryimage"},"thumbnailUrl":"https:\/\/www.sanfernandonuestro.com.ar\/wp\/wp-content\/uploads\/2015\/10\/DSC07416-e1445047329464.jpg","datePublished":"2015-10-17T03:08:03+00:00","dateModified":"2015-10-17T04:26:47+00:00","breadcrumb":{"@id":"https:\/\/www.sanfernandonuestro.com.ar\/wp\/jose-piazza-no-tenemos-apoyo-economico-de-las-empresas-ni-de-nacion\/#breadcrumb"},"inLanguage":"es","potentialAction":[{"@type":"ReadAction","target":["https:\/\/www.sanfernandonuestro.com.ar\/wp\/jose-piazza-no-tenemos-apoyo-economico-de-las-empresas-ni-de-nacion\/"]}]},{"@type":"ImageObject","inLanguage":"es","@id":"https:\/\/www.sanfernandonuestro.com.ar\/wp\/jose-piazza-no-tenemos-apoyo-economico-de-las-empresas-ni-de-nacion\/#primaryimage","url":"https:\/\/www.sanfernandonuestro.com.ar\/wp\/wp-content\/uploads\/2015\/10\/DSC07416-e1445047329464.jpg","contentUrl":"https:\/\/www.sanfernandonuestro.com.ar\/wp\/wp-content\/uploads\/2015\/10\/DSC07416-e1445047329464.jpg","width":900,"height":564},{"@type":"BreadcrumbList","@id":"https:\/\/www.sanfernandonuestro.com.ar\/wp\/jose-piazza-no-tenemos-apoyo-economico-de-las-empresas-ni-de-nacion\/#breadcrumb","itemListElement":[{"@type":"ListItem","position":1,"name":"Portada","item":"https:\/\/www.sanfernandonuestro.com.ar\/wp\/"},{"@type":"ListItem","position":2,"name":"Jos\u00e9 Piazza: \u00abNo tenemos apoyo econ\u00f3mico de las empresas ni de Naci\u00f3n\u00bb"}]},{"@type":"WebSite","@id":"https:\/\/www.sanfernandonuestro.com.ar\/wp\/#website","url":"https:\/\/www.sanfernandonuestro.com.ar\/wp\/","name":"San Fernando Nuestro","description":"Un Lugar de Encuentro","publisher":{"@id":"https:\/\/www.sanfernandonuestro.com.ar\/wp\/#organization"},"potentialAction":[{"@type":"SearchAction","target":{"@type":"EntryPoint","urlTemplate":"https:\/\/www.sanfernandonuestro.com.ar\/wp\/?s={search_term_string}"},"query-input":{"@type":"PropertyValueSpecification","valueRequired":true,"valueName":"search_term_string"}}],"inLanguage":"es"},{"@type":"Organization","@id":"https:\/\/www.sanfernandonuestro.com.ar\/wp\/#organization","name":"San Fernando Nuestro","url":"https:\/\/www.sanfernandonuestro.com.ar\/wp\/","logo":{"@type":"ImageObject","inLanguage":"es","@id":"https:\/\/www.sanfernandonuestro.com.ar\/wp\/#\/schema\/logo\/image\/","url":"https:\/\/www.sanfernandonuestro.com.ar\/wp\/wp-content\/uploads\/2026\/07\/sfn-marca.png","contentUrl":"https:\/\/www.sanfernandonuestro.com.ar\/wp\/wp-content\/uploads\/2026\/07\/sfn-marca.png","width":390,"height":116,"caption":"San Fernando Nuestro"},"image":{"@id":"https:\/\/www.sanfernandonuestro.com.ar\/wp\/#\/schema\/logo\/image\/"},"sameAs":["https:\/\/www.facebook.com\/SanFernandoNuestro\/","https:\/\/x.com\/sfnuestro"]},{"@type":"Person","@id":"https:\/\/www.sanfernandonuestro.com.ar\/wp\/#\/schema\/person\/b42a4d7cb7767aa65f3c9bb2861fcbe7","name":"Sabrina Garcia","image":{"@type":"ImageObject","inLanguage":"es","@id":"https:\/\/secure.gravatar.com\/avatar\/635861e691b92a500308c1d7346bf695f797b11664daf3c231692c62a64f23fb?s=96&d=mm&r=g","url":"https:\/\/secure.gravatar.com\/avatar\/635861e691b92a500308c1d7346bf695f797b11664daf3c231692c62a64f23fb?s=96&d=mm&r=g","contentUrl":"https:\/\/secure.gravatar.com\/avatar\/635861e691b92a500308c1d7346bf695f797b11664daf3c231692c62a64f23fb?s=96&d=mm&r=g","caption":"Sabrina Garcia"},"sameAs":["https:\/\/www.facebook.com\/sabrina.v.garcia","sgarcia","https:\/\/x.com\/https:\/\/twitter.com\/garciasabri?lang=es","https:\/\/www.youtube.com\/user\/garciasabri"],"url":"https:\/\/www.sanfernandonuestro.com.ar\/wp\/author\/sgarcia\/"}]}},"_links":{"self":[{"href":"https:\/\/www.sanfernandonuestro.com.ar\/wp\/wp-json\/wp\/v2\/posts\/17209","targetHints":{"allow":["GET"]}}],"collection":[{"href":"https:\/\/www.sanfernandonuestro.com.ar\/wp\/wp-json\/wp\/v2\/posts"}],"about":[{"href":"https:\/\/www.sanfernandonuestro.com.ar\/wp\/wp-json\/wp\/v2\/types\/post"}],"author":[{"embeddable":true,"href":"https:\/\/www.sanfernandonuestro.com.ar\/wp\/wp-json\/wp\/v2\/users\/3"}],"replies":[{"embeddable":true,"href":"https:\/\/www.sanfernandonuestro.com.ar\/wp\/wp-json\/wp\/v2\/comments?post=17209"}],"version-history":[{"count":0,"href":"https:\/\/www.sanfernandonuestro.com.ar\/wp\/wp-json\/wp\/v2\/posts\/17209\/revisions"}],"wp:featuredmedia":[{"embeddable":true,"href":"https:\/\/www.sanfernandonuestro.com.ar\/wp\/wp-json\/wp\/v2\/media\/17210"}],"wp:attachment":[{"href":"https:\/\/www.sanfernandonuestro.com.ar\/wp\/wp-json\/wp\/v2\/media?parent=17209"}],"wp:term":[{"taxonomy":"category","embeddable":true,"href":"https:\/\/www.sanfernandonuestro.com.ar\/wp\/wp-json\/wp\/v2\/categories?post=17209"},{"taxonomy":"post_tag","embeddable":true,"href":"https:\/\/www.sanfernandonuestro.com.ar\/wp\/wp-json\/wp\/v2\/tags?post=17209"}],"curies":[{"name":"wp","href":"https:\/\/api.w.org\/{rel}","templated":true}]}}