{"id":20373,"date":"2016-02-07T01:37:46","date_gmt":"2016-02-07T04:37:46","guid":{"rendered":"http:\/\/www.sanfernandonuestro.com.ar\/wp\/?p=20373"},"modified":"2016-02-07T01:39:26","modified_gmt":"2016-02-07T04:39:26","slug":"el-paso-de-charly-entrala-y-sus-perros-por-trelew","status":"publish","type":"post","link":"https:\/\/www.sanfernandonuestro.com.ar\/wp\/el-paso-de-charly-entrala-y-sus-perros-por-trelew\/","title":{"rendered":"El paso de Charly Entrala y sus perros por Trelew"},"content":{"rendered":"<p>Tras penosas horas en Puerto Madryn, donde amigos de lo ajeno lo despojaron de casi todas sus pertenencias para la subsistencia, pas\u00f3 por Trelew el joven de San Fernando, Carlos Eduardo \u00abCharly\u00bb Entrala, que con sus dos perritos a bordo de un auto antiguo -modelo &#8217;71- proyect\u00f3 realizar una traves\u00eda por todo el pa\u00eds buscando concientizar sobre la responsabilidad y compromiso con el cuidado de los animales.<\/p><div id=\"sanfe-2233564961\" class=\"sanfe-contenido sanfe-entity-placement\" style=\"margin-top: 1px;margin-right: 2px;\"><script async src=\"\/\/pagead2.googlesyndication.com\/pagead\/js\/adsbygoogle.js\"><\/script>\r\n<!-- anuncio -->\r\n<ins class=\"adsbygoogle\"\r\n     style=\"display:block\"\r\n     data-ad-client=\"ca-pub-6719099566820218\"\r\n     data-ad-slot=\"4258158415\"\r\n     data-ad-format=\"auto\"\r\n     data-full-width-responsive=\"true\"><\/ins>\r\n<script>\r\n(adsbygoogle = window.adsbygoogle || []).push({});\r\n<\/script><\/div><br style=\"clear: both; display: block; float: none;\"\/>\n<p>El paso de Charly por nuestra ciudad, en la que convers\u00f3 con EL CHUBUT, fue para averiguar precios de los bienes que le fueron robados, entre otros, una carpa, camperas -entre otras indumentarias- bolsa de dormir, una garrafa, zapatillas, un telescopio y muchos elementos m\u00e1s que hab\u00eda costeado con su trabajo como chofer de combis en su localidad de origen.<\/p>\n<p>Su idea es dar la vuelta al pa\u00eds terminando en La Quiaca, iniciando su periplo el pasado 13 de diciembre con el objetivo de terminarlo en seis meses, pero se ha demorado por distintas cuestiones, como la de este robo, ocurrido mientras dorm\u00eda en la casa de una persona voluntaria que movilizada por su objetivo le brind\u00f3 alojamiento.<\/p>\n<h3>Sus perros: Saviola y Wisky<\/h3>\n<p>El trayecto lo efect\u00faa con quienes llama sus hijos, la perrita Saviola de 15 a\u00f1os y el perrito Wisky de 2 -ambos en excelentes condiciones de salud y muy simp\u00e1ticos y sociables- a bordo de un Peugeot 404 modelo &#8217;71, que \u00e9l mismo pint\u00f3 con los colores de nuestra bandera, la inscripci\u00f3n \u00abArgentina con mis perros\u00bb, y frases alusivas, como \u00abNo compres uno de raza, adopt\u00e1 uno sin casa\u00bb, como tambi\u00e9n una fotograf\u00eda de su madre fallecida y el n\u00famero 13, referido a la fecha, del mes de junio, en que cumple a\u00f1os. Actualmente tiene 35. Tambi\u00e9n lleva arriba de auto un carrito de beb\u00e9 para pasear a Saviola en los momentos de distensi\u00f3n aunque la perra se puede movilizar por sus propios medios.<\/p>\n<h3>Beneficios de la castraci\u00f3n<\/h3>\n<p>En sus traves\u00edas, a 75 kil\u00f3metros de m\u00e1xima velocidad, entrega en las ciudades que visita folletos con los beneficios y mitos de la castraci\u00f3n, y record\u00f3 desde siempre haber tenido la satisfacci\u00f3n de haber podido ayudar a decenas de animales abandonados a su suerte, sobre todo en la castraci\u00f3n para evitar la superpoblaci\u00f3n, y en la recuperaci\u00f3n de muchos canes.<\/p>\n<p>En este viaje <em>\u00abentre los 3 vamos a llevar un mensaje de responsabilidad y compromiso para con nuestros animales, los beneficios y mitos de las castraciones y para que la gente tome conciencia que solo depende de nosotros que no haya m\u00e1s animales abandonados en las calles y rutas de nuestro pa\u00eds\u00bb<\/em>, coment\u00f3.<\/p>\n<h3>Un robo perjudicial<\/h3>\n<p>Si bien aclar\u00f3 el aventurero haber trabajado para costear todo su viaje, relat\u00f3 que el robo de sus pertenencias le modific\u00f3 el panorama y que deber\u00e1 destinar gran parte del presupuesto en volver a comprarlas. Crudamente, relato su enojo por el robo y de quienes lo perpetraron, que <em>\u00abse dedican a destruir los sue\u00f1os de los dem\u00e1s\u00bb<\/em>.<\/p>\n<p>Asimismo, y ante reiterados pedidos para que se deje ayudar, brind\u00f3 para quienes quieran colaborar con su granito de arena, la caja de ahorro en pesos del Banco HSBC San Fernando N\u00ba 0836141814, CBU 1500037400008361418146, CUIL 20-30611838-3, a nombre de su hermano Mariano Jos\u00e9 Entrala. M\u00e1s sobre su traves\u00eda se puede encontrar en el Facebook: Charly Charly Entrala. Su tel\u00e9fono de contacto es (011) 1566944747.<\/p>\n<p>Fuente: El Chubut | Foto: Juli\u00e1n Gast\u00f3n<\/p>\n","protected":false},"excerpt":{"rendered":"<p>Tras penosas horas en Puerto Madryn, donde amigos de lo ajeno lo despojaron de casi todas sus pertenencias para la subsistencia, pas\u00f3 por Trelew el joven de San Fernando, Carlos<\/p>\n","protected":false},"author":3,"featured_media":20374,"comment_status":"open","ping_status":"open","sticky":false,"template":"","format":"standard","meta":{"footnotes":""},"categories":[55],"tags":[],"class_list":["post-20373","post","type-post","status-publish","format-standard","has-post-thumbnail","hentry","category-informacion-general"],"yoast_head":"<!-- This site is optimized with the Yoast SEO plugin v28.3 - https:\/\/yoast.com\/product\/yoast-seo-wordpress\/ -->\n<title>El paso de Charly Entrala y sus perros por Trelew - San Fernando Nuestro<\/title>\n<meta name=\"robots\" content=\"index, follow, max-snippet:-1, max-image-preview:large, max-video-preview:-1\" \/>\n<link rel=\"canonical\" href=\"https:\/\/www.sanfernandonuestro.com.ar\/wp\/el-paso-de-charly-entrala-y-sus-perros-por-trelew\/\" \/>\n<meta property=\"og:locale\" content=\"es_ES\" \/>\n<meta property=\"og:type\" content=\"article\" \/>\n<meta property=\"og:title\" content=\"El paso de Charly Entrala y sus perros por Trelew - San Fernando Nuestro\" \/>\n<meta property=\"og:description\" content=\"Tras penosas horas en Puerto Madryn, donde amigos de lo ajeno lo despojaron de casi todas sus pertenencias para la subsistencia, pas\u00f3 por Trelew el joven de San Fernando, Carlos\" \/>\n<meta property=\"og:url\" content=\"https:\/\/www.sanfernandonuestro.com.ar\/wp\/el-paso-de-charly-entrala-y-sus-perros-por-trelew\/\" \/>\n<meta property=\"og:site_name\" content=\"San Fernando Nuestro\" \/>\n<meta property=\"article:publisher\" content=\"https:\/\/www.facebook.com\/SanFernandoNuestro\/\" \/>\n<meta property=\"article:author\" content=\"https:\/\/www.facebook.com\/sabrina.v.garcia\" \/>\n<meta property=\"article:published_time\" content=\"2016-02-07T04:37:46+00:00\" \/>\n<meta property=\"article:modified_time\" content=\"2016-02-07T04:39:26+00:00\" \/>\n<meta property=\"og:image\" content=\"https:\/\/www.sanfernandonuestro.com.ar\/wp\/wp-content\/uploads\/2016\/02\/2016-02-062-e1454790201401.jpg\" \/>\n\t<meta property=\"og:image:width\" content=\"900\" \/>\n\t<meta property=\"og:image:height\" content=\"482\" \/>\n\t<meta property=\"og:image:type\" content=\"image\/jpeg\" \/>\n<meta name=\"author\" content=\"Sabrina Garcia\" \/>\n<meta name=\"twitter:card\" content=\"summary_large_image\" \/>\n<meta name=\"twitter:creator\" content=\"@https:\/\/twitter.com\/garciasabri?lang=es\" \/>\n<meta name=\"twitter:site\" content=\"@sfnuestro\" \/>\n<meta name=\"twitter:label1\" content=\"Escrito por\" \/>\n\t<meta name=\"twitter:data1\" content=\"Sabrina Garcia\" \/>\n\t<meta name=\"twitter:label2\" content=\"Tiempo de lectura\" \/>\n\t<meta name=\"twitter:data2\" content=\"3 minutos\" \/>\n<script type=\"application\/ld+json\" class=\"yoast-schema-graph\">{\"@context\":\"https:\\\/\\\/schema.org\",\"@graph\":[{\"@type\":\"Article\",\"@id\":\"https:\\\/\\\/www.sanfernandonuestro.com.ar\\\/wp\\\/el-paso-de-charly-entrala-y-sus-perros-por-trelew\\\/#article\",\"isPartOf\":{\"@id\":\"https:\\\/\\\/www.sanfernandonuestro.com.ar\\\/wp\\\/el-paso-de-charly-entrala-y-sus-perros-por-trelew\\\/\"},\"author\":{\"name\":\"Sabrina Garcia\",\"@id\":\"https:\\\/\\\/www.sanfernandonuestro.com.ar\\\/wp\\\/#\\\/schema\\\/person\\\/b42a4d7cb7767aa65f3c9bb2861fcbe7\"},\"headline\":\"El paso de Charly Entrala y sus perros por Trelew\",\"datePublished\":\"2016-02-07T04:37:46+00:00\",\"dateModified\":\"2016-02-07T04:39:26+00:00\",\"mainEntityOfPage\":{\"@id\":\"https:\\\/\\\/www.sanfernandonuestro.com.ar\\\/wp\\\/el-paso-de-charly-entrala-y-sus-perros-por-trelew\\\/\"},\"wordCount\":594,\"commentCount\":0,\"publisher\":{\"@id\":\"https:\\\/\\\/www.sanfernandonuestro.com.ar\\\/wp\\\/#organization\"},\"image\":{\"@id\":\"https:\\\/\\\/www.sanfernandonuestro.com.ar\\\/wp\\\/el-paso-de-charly-entrala-y-sus-perros-por-trelew\\\/#primaryimage\"},\"thumbnailUrl\":\"https:\\\/\\\/www.sanfernandonuestro.com.ar\\\/wp\\\/wp-content\\\/uploads\\\/2016\\\/02\\\/2016-02-062-e1454790201401.jpg\",\"articleSection\":[\"INFORMACI\u00d3N GENERAL\"],\"inLanguage\":\"es\",\"potentialAction\":[{\"@type\":\"CommentAction\",\"name\":\"Comment\",\"target\":[\"https:\\\/\\\/www.sanfernandonuestro.com.ar\\\/wp\\\/el-paso-de-charly-entrala-y-sus-perros-por-trelew\\\/#respond\"]}]},{\"@type\":\"WebPage\",\"@id\":\"https:\\\/\\\/www.sanfernandonuestro.com.ar\\\/wp\\\/el-paso-de-charly-entrala-y-sus-perros-por-trelew\\\/\",\"url\":\"https:\\\/\\\/www.sanfernandonuestro.com.ar\\\/wp\\\/el-paso-de-charly-entrala-y-sus-perros-por-trelew\\\/\",\"name\":\"El paso de Charly Entrala y sus perros por Trelew - San Fernando Nuestro\",\"isPartOf\":{\"@id\":\"https:\\\/\\\/www.sanfernandonuestro.com.ar\\\/wp\\\/#website\"},\"primaryImageOfPage\":{\"@id\":\"https:\\\/\\\/www.sanfernandonuestro.com.ar\\\/wp\\\/el-paso-de-charly-entrala-y-sus-perros-por-trelew\\\/#primaryimage\"},\"image\":{\"@id\":\"https:\\\/\\\/www.sanfernandonuestro.com.ar\\\/wp\\\/el-paso-de-charly-entrala-y-sus-perros-por-trelew\\\/#primaryimage\"},\"thumbnailUrl\":\"https:\\\/\\\/www.sanfernandonuestro.com.ar\\\/wp\\\/wp-content\\\/uploads\\\/2016\\\/02\\\/2016-02-062-e1454790201401.jpg\",\"datePublished\":\"2016-02-07T04:37:46+00:00\",\"dateModified\":\"2016-02-07T04:39:26+00:00\",\"breadcrumb\":{\"@id\":\"https:\\\/\\\/www.sanfernandonuestro.com.ar\\\/wp\\\/el-paso-de-charly-entrala-y-sus-perros-por-trelew\\\/#breadcrumb\"},\"inLanguage\":\"es\",\"potentialAction\":[{\"@type\":\"ReadAction\",\"target\":[\"https:\\\/\\\/www.sanfernandonuestro.com.ar\\\/wp\\\/el-paso-de-charly-entrala-y-sus-perros-por-trelew\\\/\"]}]},{\"@type\":\"ImageObject\",\"inLanguage\":\"es\",\"@id\":\"https:\\\/\\\/www.sanfernandonuestro.com.ar\\\/wp\\\/el-paso-de-charly-entrala-y-sus-perros-por-trelew\\\/#primaryimage\",\"url\":\"https:\\\/\\\/www.sanfernandonuestro.com.ar\\\/wp\\\/wp-content\\\/uploads\\\/2016\\\/02\\\/2016-02-062-e1454790201401.jpg\",\"contentUrl\":\"https:\\\/\\\/www.sanfernandonuestro.com.ar\\\/wp\\\/wp-content\\\/uploads\\\/2016\\\/02\\\/2016-02-062-e1454790201401.jpg\",\"width\":900,\"height\":482},{\"@type\":\"BreadcrumbList\",\"@id\":\"https:\\\/\\\/www.sanfernandonuestro.com.ar\\\/wp\\\/el-paso-de-charly-entrala-y-sus-perros-por-trelew\\\/#breadcrumb\",\"itemListElement\":[{\"@type\":\"ListItem\",\"position\":1,\"name\":\"Portada\",\"item\":\"https:\\\/\\\/www.sanfernandonuestro.com.ar\\\/wp\\\/\"},{\"@type\":\"ListItem\",\"position\":2,\"name\":\"El paso de Charly Entrala y sus perros por Trelew\"}]},{\"@type\":\"WebSite\",\"@id\":\"https:\\\/\\\/www.sanfernandonuestro.com.ar\\\/wp\\\/#website\",\"url\":\"https:\\\/\\\/www.sanfernandonuestro.com.ar\\\/wp\\\/\",\"name\":\"San Fernando Nuestro\",\"description\":\"Un Lugar de Encuentro\",\"publisher\":{\"@id\":\"https:\\\/\\\/www.sanfernandonuestro.com.ar\\\/wp\\\/#organization\"},\"potentialAction\":[{\"@type\":\"SearchAction\",\"target\":{\"@type\":\"EntryPoint\",\"urlTemplate\":\"https:\\\/\\\/www.sanfernandonuestro.com.ar\\\/wp\\\/?s={search_term_string}\"},\"query-input\":{\"@type\":\"PropertyValueSpecification\",\"valueRequired\":true,\"valueName\":\"search_term_string\"}}],\"inLanguage\":\"es\"},{\"@type\":\"Organization\",\"@id\":\"https:\\\/\\\/www.sanfernandonuestro.com.ar\\\/wp\\\/#organization\",\"name\":\"San Fernando Nuestro\",\"url\":\"https:\\\/\\\/www.sanfernandonuestro.com.ar\\\/wp\\\/\",\"logo\":{\"@type\":\"ImageObject\",\"inLanguage\":\"es\",\"@id\":\"https:\\\/\\\/www.sanfernandonuestro.com.ar\\\/wp\\\/#\\\/schema\\\/logo\\\/image\\\/\",\"url\":\"https:\\\/\\\/www.sanfernandonuestro.com.ar\\\/wp\\\/wp-content\\\/uploads\\\/2026\\\/07\\\/sfn-marca.png\",\"contentUrl\":\"https:\\\/\\\/www.sanfernandonuestro.com.ar\\\/wp\\\/wp-content\\\/uploads\\\/2026\\\/07\\\/sfn-marca.png\",\"width\":390,\"height\":116,\"caption\":\"San Fernando Nuestro\"},\"image\":{\"@id\":\"https:\\\/\\\/www.sanfernandonuestro.com.ar\\\/wp\\\/#\\\/schema\\\/logo\\\/image\\\/\"},\"sameAs\":[\"https:\\\/\\\/www.facebook.com\\\/SanFernandoNuestro\\\/\",\"https:\\\/\\\/x.com\\\/sfnuestro\"]},{\"@type\":\"Person\",\"@id\":\"https:\\\/\\\/www.sanfernandonuestro.com.ar\\\/wp\\\/#\\\/schema\\\/person\\\/b42a4d7cb7767aa65f3c9bb2861fcbe7\",\"name\":\"Sabrina Garcia\",\"image\":{\"@type\":\"ImageObject\",\"inLanguage\":\"es\",\"@id\":\"https:\\\/\\\/secure.gravatar.com\\\/avatar\\\/635861e691b92a500308c1d7346bf695f797b11664daf3c231692c62a64f23fb?s=96&d=mm&r=g\",\"url\":\"https:\\\/\\\/secure.gravatar.com\\\/avatar\\\/635861e691b92a500308c1d7346bf695f797b11664daf3c231692c62a64f23fb?s=96&d=mm&r=g\",\"contentUrl\":\"https:\\\/\\\/secure.gravatar.com\\\/avatar\\\/635861e691b92a500308c1d7346bf695f797b11664daf3c231692c62a64f23fb?s=96&d=mm&r=g\",\"caption\":\"Sabrina Garcia\"},\"sameAs\":[\"https:\\\/\\\/www.facebook.com\\\/sabrina.v.garcia\",\"sgarcia\",\"https:\\\/\\\/x.com\\\/https:\\\/\\\/twitter.com\\\/garciasabri?lang=es\",\"https:\\\/\\\/www.youtube.com\\\/user\\\/garciasabri\"],\"url\":\"https:\\\/\\\/www.sanfernandonuestro.com.ar\\\/wp\\\/author\\\/sgarcia\\\/\"}]}<\/script>\n<!-- \/ Yoast SEO plugin. -->","yoast_head_json":{"title":"El paso de Charly Entrala y sus perros por Trelew - San Fernando Nuestro","robots":{"index":"index","follow":"follow","max-snippet":"max-snippet:-1","max-image-preview":"max-image-preview:large","max-video-preview":"max-video-preview:-1"},"canonical":"https:\/\/www.sanfernandonuestro.com.ar\/wp\/el-paso-de-charly-entrala-y-sus-perros-por-trelew\/","og_locale":"es_ES","og_type":"article","og_title":"El paso de Charly Entrala y sus perros por Trelew - San Fernando Nuestro","og_description":"Tras penosas horas en Puerto Madryn, donde amigos de lo ajeno lo despojaron de casi todas sus pertenencias para la subsistencia, pas\u00f3 por Trelew el joven de San Fernando, Carlos","og_url":"https:\/\/www.sanfernandonuestro.com.ar\/wp\/el-paso-de-charly-entrala-y-sus-perros-por-trelew\/","og_site_name":"San Fernando Nuestro","article_publisher":"https:\/\/www.facebook.com\/SanFernandoNuestro\/","article_author":"https:\/\/www.facebook.com\/sabrina.v.garcia","article_published_time":"2016-02-07T04:37:46+00:00","article_modified_time":"2016-02-07T04:39:26+00:00","og_image":[{"width":900,"height":482,"url":"https:\/\/www.sanfernandonuestro.com.ar\/wp\/wp-content\/uploads\/2016\/02\/2016-02-062-e1454790201401.jpg","type":"image\/jpeg"}],"author":"Sabrina Garcia","twitter_card":"summary_large_image","twitter_creator":"@https:\/\/twitter.com\/garciasabri?lang=es","twitter_site":"@sfnuestro","twitter_misc":{"Escrito por":"Sabrina Garcia","Tiempo de lectura":"3 minutos"},"schema":{"@context":"https:\/\/schema.org","@graph":[{"@type":"Article","@id":"https:\/\/www.sanfernandonuestro.com.ar\/wp\/el-paso-de-charly-entrala-y-sus-perros-por-trelew\/#article","isPartOf":{"@id":"https:\/\/www.sanfernandonuestro.com.ar\/wp\/el-paso-de-charly-entrala-y-sus-perros-por-trelew\/"},"author":{"name":"Sabrina Garcia","@id":"https:\/\/www.sanfernandonuestro.com.ar\/wp\/#\/schema\/person\/b42a4d7cb7767aa65f3c9bb2861fcbe7"},"headline":"El paso de Charly Entrala y sus perros por Trelew","datePublished":"2016-02-07T04:37:46+00:00","dateModified":"2016-02-07T04:39:26+00:00","mainEntityOfPage":{"@id":"https:\/\/www.sanfernandonuestro.com.ar\/wp\/el-paso-de-charly-entrala-y-sus-perros-por-trelew\/"},"wordCount":594,"commentCount":0,"publisher":{"@id":"https:\/\/www.sanfernandonuestro.com.ar\/wp\/#organization"},"image":{"@id":"https:\/\/www.sanfernandonuestro.com.ar\/wp\/el-paso-de-charly-entrala-y-sus-perros-por-trelew\/#primaryimage"},"thumbnailUrl":"https:\/\/www.sanfernandonuestro.com.ar\/wp\/wp-content\/uploads\/2016\/02\/2016-02-062-e1454790201401.jpg","articleSection":["INFORMACI\u00d3N GENERAL"],"inLanguage":"es","potentialAction":[{"@type":"CommentAction","name":"Comment","target":["https:\/\/www.sanfernandonuestro.com.ar\/wp\/el-paso-de-charly-entrala-y-sus-perros-por-trelew\/#respond"]}]},{"@type":"WebPage","@id":"https:\/\/www.sanfernandonuestro.com.ar\/wp\/el-paso-de-charly-entrala-y-sus-perros-por-trelew\/","url":"https:\/\/www.sanfernandonuestro.com.ar\/wp\/el-paso-de-charly-entrala-y-sus-perros-por-trelew\/","name":"El paso de Charly Entrala y sus perros por Trelew - San Fernando Nuestro","isPartOf":{"@id":"https:\/\/www.sanfernandonuestro.com.ar\/wp\/#website"},"primaryImageOfPage":{"@id":"https:\/\/www.sanfernandonuestro.com.ar\/wp\/el-paso-de-charly-entrala-y-sus-perros-por-trelew\/#primaryimage"},"image":{"@id":"https:\/\/www.sanfernandonuestro.com.ar\/wp\/el-paso-de-charly-entrala-y-sus-perros-por-trelew\/#primaryimage"},"thumbnailUrl":"https:\/\/www.sanfernandonuestro.com.ar\/wp\/wp-content\/uploads\/2016\/02\/2016-02-062-e1454790201401.jpg","datePublished":"2016-02-07T04:37:46+00:00","dateModified":"2016-02-07T04:39:26+00:00","breadcrumb":{"@id":"https:\/\/www.sanfernandonuestro.com.ar\/wp\/el-paso-de-charly-entrala-y-sus-perros-por-trelew\/#breadcrumb"},"inLanguage":"es","potentialAction":[{"@type":"ReadAction","target":["https:\/\/www.sanfernandonuestro.com.ar\/wp\/el-paso-de-charly-entrala-y-sus-perros-por-trelew\/"]}]},{"@type":"ImageObject","inLanguage":"es","@id":"https:\/\/www.sanfernandonuestro.com.ar\/wp\/el-paso-de-charly-entrala-y-sus-perros-por-trelew\/#primaryimage","url":"https:\/\/www.sanfernandonuestro.com.ar\/wp\/wp-content\/uploads\/2016\/02\/2016-02-062-e1454790201401.jpg","contentUrl":"https:\/\/www.sanfernandonuestro.com.ar\/wp\/wp-content\/uploads\/2016\/02\/2016-02-062-e1454790201401.jpg","width":900,"height":482},{"@type":"BreadcrumbList","@id":"https:\/\/www.sanfernandonuestro.com.ar\/wp\/el-paso-de-charly-entrala-y-sus-perros-por-trelew\/#breadcrumb","itemListElement":[{"@type":"ListItem","position":1,"name":"Portada","item":"https:\/\/www.sanfernandonuestro.com.ar\/wp\/"},{"@type":"ListItem","position":2,"name":"El paso de Charly Entrala y sus perros por Trelew"}]},{"@type":"WebSite","@id":"https:\/\/www.sanfernandonuestro.com.ar\/wp\/#website","url":"https:\/\/www.sanfernandonuestro.com.ar\/wp\/","name":"San Fernando Nuestro","description":"Un Lugar de Encuentro","publisher":{"@id":"https:\/\/www.sanfernandonuestro.com.ar\/wp\/#organization"},"potentialAction":[{"@type":"SearchAction","target":{"@type":"EntryPoint","urlTemplate":"https:\/\/www.sanfernandonuestro.com.ar\/wp\/?s={search_term_string}"},"query-input":{"@type":"PropertyValueSpecification","valueRequired":true,"valueName":"search_term_string"}}],"inLanguage":"es"},{"@type":"Organization","@id":"https:\/\/www.sanfernandonuestro.com.ar\/wp\/#organization","name":"San Fernando Nuestro","url":"https:\/\/www.sanfernandonuestro.com.ar\/wp\/","logo":{"@type":"ImageObject","inLanguage":"es","@id":"https:\/\/www.sanfernandonuestro.com.ar\/wp\/#\/schema\/logo\/image\/","url":"https:\/\/www.sanfernandonuestro.com.ar\/wp\/wp-content\/uploads\/2026\/07\/sfn-marca.png","contentUrl":"https:\/\/www.sanfernandonuestro.com.ar\/wp\/wp-content\/uploads\/2026\/07\/sfn-marca.png","width":390,"height":116,"caption":"San Fernando Nuestro"},"image":{"@id":"https:\/\/www.sanfernandonuestro.com.ar\/wp\/#\/schema\/logo\/image\/"},"sameAs":["https:\/\/www.facebook.com\/SanFernandoNuestro\/","https:\/\/x.com\/sfnuestro"]},{"@type":"Person","@id":"https:\/\/www.sanfernandonuestro.com.ar\/wp\/#\/schema\/person\/b42a4d7cb7767aa65f3c9bb2861fcbe7","name":"Sabrina Garcia","image":{"@type":"ImageObject","inLanguage":"es","@id":"https:\/\/secure.gravatar.com\/avatar\/635861e691b92a500308c1d7346bf695f797b11664daf3c231692c62a64f23fb?s=96&d=mm&r=g","url":"https:\/\/secure.gravatar.com\/avatar\/635861e691b92a500308c1d7346bf695f797b11664daf3c231692c62a64f23fb?s=96&d=mm&r=g","contentUrl":"https:\/\/secure.gravatar.com\/avatar\/635861e691b92a500308c1d7346bf695f797b11664daf3c231692c62a64f23fb?s=96&d=mm&r=g","caption":"Sabrina Garcia"},"sameAs":["https:\/\/www.facebook.com\/sabrina.v.garcia","sgarcia","https:\/\/x.com\/https:\/\/twitter.com\/garciasabri?lang=es","https:\/\/www.youtube.com\/user\/garciasabri"],"url":"https:\/\/www.sanfernandonuestro.com.ar\/wp\/author\/sgarcia\/"}]}},"_links":{"self":[{"href":"https:\/\/www.sanfernandonuestro.com.ar\/wp\/wp-json\/wp\/v2\/posts\/20373","targetHints":{"allow":["GET"]}}],"collection":[{"href":"https:\/\/www.sanfernandonuestro.com.ar\/wp\/wp-json\/wp\/v2\/posts"}],"about":[{"href":"https:\/\/www.sanfernandonuestro.com.ar\/wp\/wp-json\/wp\/v2\/types\/post"}],"author":[{"embeddable":true,"href":"https:\/\/www.sanfernandonuestro.com.ar\/wp\/wp-json\/wp\/v2\/users\/3"}],"replies":[{"embeddable":true,"href":"https:\/\/www.sanfernandonuestro.com.ar\/wp\/wp-json\/wp\/v2\/comments?post=20373"}],"version-history":[{"count":0,"href":"https:\/\/www.sanfernandonuestro.com.ar\/wp\/wp-json\/wp\/v2\/posts\/20373\/revisions"}],"wp:featuredmedia":[{"embeddable":true,"href":"https:\/\/www.sanfernandonuestro.com.ar\/wp\/wp-json\/wp\/v2\/media\/20374"}],"wp:attachment":[{"href":"https:\/\/www.sanfernandonuestro.com.ar\/wp\/wp-json\/wp\/v2\/media?parent=20373"}],"wp:term":[{"taxonomy":"category","embeddable":true,"href":"https:\/\/www.sanfernandonuestro.com.ar\/wp\/wp-json\/wp\/v2\/categories?post=20373"},{"taxonomy":"post_tag","embeddable":true,"href":"https:\/\/www.sanfernandonuestro.com.ar\/wp\/wp-json\/wp\/v2\/tags?post=20373"}],"curies":[{"name":"wp","href":"https:\/\/api.w.org\/{rel}","templated":true}]}}