{"id":20416,"date":"2016-02-11T00:02:32","date_gmt":"2016-02-11T03:02:32","guid":{"rendered":"http:\/\/www.sanfernandonuestro.com.ar\/wp\/?p=20416"},"modified":"2016-02-10T22:07:09","modified_gmt":"2016-02-11T01:07:09","slug":"ate-va-a-la-justicia-para-reclamar-la-plena-vigencia-de-la-ley-de-paritarias-municipales","status":"publish","type":"post","link":"https:\/\/www.sanfernandonuestro.com.ar\/wp\/ate-va-a-la-justicia-para-reclamar-la-plena-vigencia-de-la-ley-de-paritarias-municipales\/","title":{"rendered":"ATE va a la Justicia para reclamar la plena vigencia de la Ley de Paritarias Municipales"},"content":{"rendered":"<p>Desde la Asociaci\u00f3n de Trabajadores del Estado (ATE) bonaerense reclamar\u00e1n en la Justicia la plena vigencia de la Ley de Paritarias Municipales, luego de que la gobernadora, Mar\u00eda Eugenia Vidal, suspendiera parte de la normativa a trav\u00e9s de un decreto por el plazo de seis meses, propuesta que luego ratific\u00f3 la Legislatura.<\/p><div id=\"sanfe-1800554072\" class=\"sanfe-contenido sanfe-entity-placement\" style=\"margin-top: 1px;margin-right: 2px;\"><script async src=\"\/\/pagead2.googlesyndication.com\/pagead\/js\/adsbygoogle.js\"><\/script>\r\n<!-- anuncio -->\r\n<ins class=\"adsbygoogle\"\r\n     style=\"display:block\"\r\n     data-ad-client=\"ca-pub-6719099566820218\"\r\n     data-ad-slot=\"4258158415\"\r\n     data-ad-format=\"auto\"\r\n     data-full-width-responsive=\"true\"><\/ins>\r\n<script>\r\n(adsbygoogle = window.adsbygoogle || []).push({});\r\n<\/script><\/div><br style=\"clear: both; display: block; float: none;\"\/>\n<p><em>\u201cVamos a ir a la Justicia para presentar una demanda de inconstitucionalidad contra este art\u00edculo en particular, ya que genera vac\u00edos legales y recorta derechos a los trabajadores\u201d<\/em>, asegur\u00f3 el titular de ATE bonaerense, Oscar \u00abColo\u00bb De Isasi, al referirse al art\u00edculo 69 del Presupuesto 2016 que aprob\u00f3 la Legislatura y concret\u00f3 la postergaci\u00f3n por 180 d\u00edas de la secci\u00f3n tercera de la ley 14.656 de Paritarias Municipales.<\/p>\n<p>En este sentido, De Isasi explic\u00f3: <em>\u00abEl Ejecutivo provincial, con la complicidad de un n\u00famero significativo de diputados y senadores, incorpor\u00f3 el art\u00edculo 69 en la ley de Presupuesto, que si bien habilita la negociaci\u00f3n paritaria en toda su extensi\u00f3n en los distritos, tiene como objetivo que no se pongan en vigencia una series de derechos que dignifican la tarea del trabajador municipal\u201d<\/em>.<\/p>\n<p>Sobre este punto, el sindicalista estatal dijo que con la iniciativa de la gobernadora Vidal<em> \u00abse intenta desestimar derechos tan importantes como la licencia por violencia de g\u00e9nero, la reducci\u00f3n de la precariedad laboral a tan s\u00f3lo el 20 por ciento, la licencia por fertilizaci\u00f3n asistida, entre otros derechos\u201d<\/em>.<\/p>\n<p><em>\u201cLlevaremos este reclamo a la justicia, pero tambi\u00e9n, al paro y movilizaci\u00f3n convocado por ATE el d\u00eda 24 de febrero\u00bb<\/em>, record\u00f3 De Isasi y agreg\u00f3 que tambi\u00e9n insistir\u00e1n con <em>\u00ablos reclamos salariales y de reincorporaci\u00f3n de los despedidos\u00bb<\/em>.<\/p>\n<p>La Ley de Paritarias Municipales se aprob\u00f3 gracias al Frente para la Victoria, y el apoyo del radicalismo, luego de los reiterados pedidos de la Federaci\u00f3n de Sindicatos Municipales Bonaerenses (FESIMUBO). En la oportunidad, quienes votaron en contra fueron los legisladores que responden al Frente Renovador (FR) y el por entonces diputado del Frente de Izquierda de los Trabajadores (FIT), Christian Castillo.<\/p>\n<p>Fuente: Infocielo<\/p>\n","protected":false},"excerpt":{"rendered":"<p>Desde la Asociaci\u00f3n de Trabajadores del Estado (ATE) bonaerense reclamar\u00e1n en la Justicia la plena vigencia de la Ley de Paritarias Municipales, luego de que la gobernadora, Mar\u00eda Eugenia Vidal,<\/p>\n","protected":false},"author":3,"featured_media":20417,"comment_status":"open","ping_status":"open","sticky":false,"template":"","format":"standard","meta":{"footnotes":""},"categories":[4],"tags":[],"class_list":["post-20416","post","type-post","status-publish","format-standard","has-post-thumbnail","hentry","category-politica"],"yoast_head":"<!-- This site is optimized with the Yoast SEO plugin v28.3 - https:\/\/yoast.com\/product\/yoast-seo-wordpress\/ -->\n<title>ATE va a la Justicia para reclamar la plena vigencia de la Ley de Paritarias Municipales - San Fernando Nuestro<\/title>\n<meta name=\"robots\" content=\"index, follow, max-snippet:-1, max-image-preview:large, max-video-preview:-1\" \/>\n<link rel=\"canonical\" href=\"https:\/\/www.sanfernandonuestro.com.ar\/wp\/ate-va-a-la-justicia-para-reclamar-la-plena-vigencia-de-la-ley-de-paritarias-municipales\/\" \/>\n<meta property=\"og:locale\" content=\"es_ES\" \/>\n<meta property=\"og:type\" content=\"article\" \/>\n<meta property=\"og:title\" content=\"ATE va a la Justicia para reclamar la plena vigencia de la Ley de Paritarias Municipales - San Fernando Nuestro\" \/>\n<meta property=\"og:description\" content=\"Desde la Asociaci\u00f3n de Trabajadores del Estado (ATE) bonaerense reclamar\u00e1n en la Justicia la plena vigencia de la Ley de Paritarias Municipales, luego de que la gobernadora, Mar\u00eda Eugenia Vidal,\" \/>\n<meta property=\"og:url\" content=\"https:\/\/www.sanfernandonuestro.com.ar\/wp\/ate-va-a-la-justicia-para-reclamar-la-plena-vigencia-de-la-ley-de-paritarias-municipales\/\" \/>\n<meta property=\"og:site_name\" content=\"San Fernando Nuestro\" \/>\n<meta property=\"article:publisher\" content=\"https:\/\/www.facebook.com\/SanFernandoNuestro\/\" \/>\n<meta property=\"article:author\" content=\"https:\/\/www.facebook.com\/sabrina.v.garcia\" \/>\n<meta property=\"article:published_time\" content=\"2016-02-11T03:02:32+00:00\" \/>\n<meta property=\"og:image\" content=\"https:\/\/www.sanfernandonuestro.com.ar\/wp\/wp-content\/uploads\/2016\/02\/ATE.jpg\" \/>\n\t<meta property=\"og:image:width\" content=\"620\" \/>\n\t<meta property=\"og:image:height\" content=\"340\" \/>\n\t<meta property=\"og:image:type\" content=\"image\/jpeg\" \/>\n<meta name=\"author\" content=\"Sabrina Garcia\" \/>\n<meta name=\"twitter:card\" content=\"summary_large_image\" \/>\n<meta name=\"twitter:creator\" content=\"@https:\/\/twitter.com\/garciasabri?lang=es\" \/>\n<meta name=\"twitter:site\" content=\"@sfnuestro\" \/>\n<meta name=\"twitter:label1\" content=\"Escrito por\" \/>\n\t<meta name=\"twitter:data1\" content=\"Sabrina Garcia\" \/>\n\t<meta name=\"twitter:label2\" content=\"Tiempo de lectura\" \/>\n\t<meta name=\"twitter:data2\" content=\"2 minutos\" \/>\n<script type=\"application\/ld+json\" class=\"yoast-schema-graph\">{\"@context\":\"https:\\\/\\\/schema.org\",\"@graph\":[{\"@type\":\"Article\",\"@id\":\"https:\\\/\\\/www.sanfernandonuestro.com.ar\\\/wp\\\/ate-va-a-la-justicia-para-reclamar-la-plena-vigencia-de-la-ley-de-paritarias-municipales\\\/#article\",\"isPartOf\":{\"@id\":\"https:\\\/\\\/www.sanfernandonuestro.com.ar\\\/wp\\\/ate-va-a-la-justicia-para-reclamar-la-plena-vigencia-de-la-ley-de-paritarias-municipales\\\/\"},\"author\":{\"name\":\"Sabrina Garcia\",\"@id\":\"https:\\\/\\\/www.sanfernandonuestro.com.ar\\\/wp\\\/#\\\/schema\\\/person\\\/b42a4d7cb7767aa65f3c9bb2861fcbe7\"},\"headline\":\"ATE va a la Justicia para reclamar la plena vigencia de la Ley de Paritarias Municipales\",\"datePublished\":\"2016-02-11T03:02:32+00:00\",\"mainEntityOfPage\":{\"@id\":\"https:\\\/\\\/www.sanfernandonuestro.com.ar\\\/wp\\\/ate-va-a-la-justicia-para-reclamar-la-plena-vigencia-de-la-ley-de-paritarias-municipales\\\/\"},\"wordCount\":368,\"commentCount\":0,\"publisher\":{\"@id\":\"https:\\\/\\\/www.sanfernandonuestro.com.ar\\\/wp\\\/#organization\"},\"image\":{\"@id\":\"https:\\\/\\\/www.sanfernandonuestro.com.ar\\\/wp\\\/ate-va-a-la-justicia-para-reclamar-la-plena-vigencia-de-la-ley-de-paritarias-municipales\\\/#primaryimage\"},\"thumbnailUrl\":\"https:\\\/\\\/www.sanfernandonuestro.com.ar\\\/wp\\\/wp-content\\\/uploads\\\/2016\\\/02\\\/ATE.jpg\",\"articleSection\":[\"POL\u00cdTICA\"],\"inLanguage\":\"es\",\"potentialAction\":[{\"@type\":\"CommentAction\",\"name\":\"Comment\",\"target\":[\"https:\\\/\\\/www.sanfernandonuestro.com.ar\\\/wp\\\/ate-va-a-la-justicia-para-reclamar-la-plena-vigencia-de-la-ley-de-paritarias-municipales\\\/#respond\"]}]},{\"@type\":\"WebPage\",\"@id\":\"https:\\\/\\\/www.sanfernandonuestro.com.ar\\\/wp\\\/ate-va-a-la-justicia-para-reclamar-la-plena-vigencia-de-la-ley-de-paritarias-municipales\\\/\",\"url\":\"https:\\\/\\\/www.sanfernandonuestro.com.ar\\\/wp\\\/ate-va-a-la-justicia-para-reclamar-la-plena-vigencia-de-la-ley-de-paritarias-municipales\\\/\",\"name\":\"ATE va a la Justicia para reclamar la plena vigencia de la Ley de Paritarias Municipales - San Fernando Nuestro\",\"isPartOf\":{\"@id\":\"https:\\\/\\\/www.sanfernandonuestro.com.ar\\\/wp\\\/#website\"},\"primaryImageOfPage\":{\"@id\":\"https:\\\/\\\/www.sanfernandonuestro.com.ar\\\/wp\\\/ate-va-a-la-justicia-para-reclamar-la-plena-vigencia-de-la-ley-de-paritarias-municipales\\\/#primaryimage\"},\"image\":{\"@id\":\"https:\\\/\\\/www.sanfernandonuestro.com.ar\\\/wp\\\/ate-va-a-la-justicia-para-reclamar-la-plena-vigencia-de-la-ley-de-paritarias-municipales\\\/#primaryimage\"},\"thumbnailUrl\":\"https:\\\/\\\/www.sanfernandonuestro.com.ar\\\/wp\\\/wp-content\\\/uploads\\\/2016\\\/02\\\/ATE.jpg\",\"datePublished\":\"2016-02-11T03:02:32+00:00\",\"breadcrumb\":{\"@id\":\"https:\\\/\\\/www.sanfernandonuestro.com.ar\\\/wp\\\/ate-va-a-la-justicia-para-reclamar-la-plena-vigencia-de-la-ley-de-paritarias-municipales\\\/#breadcrumb\"},\"inLanguage\":\"es\",\"potentialAction\":[{\"@type\":\"ReadAction\",\"target\":[\"https:\\\/\\\/www.sanfernandonuestro.com.ar\\\/wp\\\/ate-va-a-la-justicia-para-reclamar-la-plena-vigencia-de-la-ley-de-paritarias-municipales\\\/\"]}]},{\"@type\":\"ImageObject\",\"inLanguage\":\"es\",\"@id\":\"https:\\\/\\\/www.sanfernandonuestro.com.ar\\\/wp\\\/ate-va-a-la-justicia-para-reclamar-la-plena-vigencia-de-la-ley-de-paritarias-municipales\\\/#primaryimage\",\"url\":\"https:\\\/\\\/www.sanfernandonuestro.com.ar\\\/wp\\\/wp-content\\\/uploads\\\/2016\\\/02\\\/ATE.jpg\",\"contentUrl\":\"https:\\\/\\\/www.sanfernandonuestro.com.ar\\\/wp\\\/wp-content\\\/uploads\\\/2016\\\/02\\\/ATE.jpg\",\"width\":620,\"height\":340},{\"@type\":\"BreadcrumbList\",\"@id\":\"https:\\\/\\\/www.sanfernandonuestro.com.ar\\\/wp\\\/ate-va-a-la-justicia-para-reclamar-la-plena-vigencia-de-la-ley-de-paritarias-municipales\\\/#breadcrumb\",\"itemListElement\":[{\"@type\":\"ListItem\",\"position\":1,\"name\":\"Portada\",\"item\":\"https:\\\/\\\/www.sanfernandonuestro.com.ar\\\/wp\\\/\"},{\"@type\":\"ListItem\",\"position\":2,\"name\":\"ATE va a la Justicia para reclamar la plena vigencia de la Ley de Paritarias Municipales\"}]},{\"@type\":\"WebSite\",\"@id\":\"https:\\\/\\\/www.sanfernandonuestro.com.ar\\\/wp\\\/#website\",\"url\":\"https:\\\/\\\/www.sanfernandonuestro.com.ar\\\/wp\\\/\",\"name\":\"San Fernando Nuestro\",\"description\":\"Un Lugar de Encuentro\",\"publisher\":{\"@id\":\"https:\\\/\\\/www.sanfernandonuestro.com.ar\\\/wp\\\/#organization\"},\"potentialAction\":[{\"@type\":\"SearchAction\",\"target\":{\"@type\":\"EntryPoint\",\"urlTemplate\":\"https:\\\/\\\/www.sanfernandonuestro.com.ar\\\/wp\\\/?s={search_term_string}\"},\"query-input\":{\"@type\":\"PropertyValueSpecification\",\"valueRequired\":true,\"valueName\":\"search_term_string\"}}],\"inLanguage\":\"es\"},{\"@type\":\"Organization\",\"@id\":\"https:\\\/\\\/www.sanfernandonuestro.com.ar\\\/wp\\\/#organization\",\"name\":\"San Fernando Nuestro\",\"url\":\"https:\\\/\\\/www.sanfernandonuestro.com.ar\\\/wp\\\/\",\"logo\":{\"@type\":\"ImageObject\",\"inLanguage\":\"es\",\"@id\":\"https:\\\/\\\/www.sanfernandonuestro.com.ar\\\/wp\\\/#\\\/schema\\\/logo\\\/image\\\/\",\"url\":\"https:\\\/\\\/www.sanfernandonuestro.com.ar\\\/wp\\\/wp-content\\\/uploads\\\/2026\\\/07\\\/sfn-marca.png\",\"contentUrl\":\"https:\\\/\\\/www.sanfernandonuestro.com.ar\\\/wp\\\/wp-content\\\/uploads\\\/2026\\\/07\\\/sfn-marca.png\",\"width\":390,\"height\":116,\"caption\":\"San Fernando Nuestro\"},\"image\":{\"@id\":\"https:\\\/\\\/www.sanfernandonuestro.com.ar\\\/wp\\\/#\\\/schema\\\/logo\\\/image\\\/\"},\"sameAs\":[\"https:\\\/\\\/www.facebook.com\\\/SanFernandoNuestro\\\/\",\"https:\\\/\\\/x.com\\\/sfnuestro\"]},{\"@type\":\"Person\",\"@id\":\"https:\\\/\\\/www.sanfernandonuestro.com.ar\\\/wp\\\/#\\\/schema\\\/person\\\/b42a4d7cb7767aa65f3c9bb2861fcbe7\",\"name\":\"Sabrina Garcia\",\"image\":{\"@type\":\"ImageObject\",\"inLanguage\":\"es\",\"@id\":\"https:\\\/\\\/secure.gravatar.com\\\/avatar\\\/635861e691b92a500308c1d7346bf695f797b11664daf3c231692c62a64f23fb?s=96&d=mm&r=g\",\"url\":\"https:\\\/\\\/secure.gravatar.com\\\/avatar\\\/635861e691b92a500308c1d7346bf695f797b11664daf3c231692c62a64f23fb?s=96&d=mm&r=g\",\"contentUrl\":\"https:\\\/\\\/secure.gravatar.com\\\/avatar\\\/635861e691b92a500308c1d7346bf695f797b11664daf3c231692c62a64f23fb?s=96&d=mm&r=g\",\"caption\":\"Sabrina Garcia\"},\"sameAs\":[\"https:\\\/\\\/www.facebook.com\\\/sabrina.v.garcia\",\"sgarcia\",\"https:\\\/\\\/x.com\\\/https:\\\/\\\/twitter.com\\\/garciasabri?lang=es\",\"https:\\\/\\\/www.youtube.com\\\/user\\\/garciasabri\"],\"url\":\"https:\\\/\\\/www.sanfernandonuestro.com.ar\\\/wp\\\/author\\\/sgarcia\\\/\"}]}<\/script>\n<!-- \/ Yoast SEO plugin. -->","yoast_head_json":{"title":"ATE va a la Justicia para reclamar la plena vigencia de la Ley de Paritarias Municipales - San Fernando Nuestro","robots":{"index":"index","follow":"follow","max-snippet":"max-snippet:-1","max-image-preview":"max-image-preview:large","max-video-preview":"max-video-preview:-1"},"canonical":"https:\/\/www.sanfernandonuestro.com.ar\/wp\/ate-va-a-la-justicia-para-reclamar-la-plena-vigencia-de-la-ley-de-paritarias-municipales\/","og_locale":"es_ES","og_type":"article","og_title":"ATE va a la Justicia para reclamar la plena vigencia de la Ley de Paritarias Municipales - San Fernando Nuestro","og_description":"Desde la Asociaci\u00f3n de Trabajadores del Estado (ATE) bonaerense reclamar\u00e1n en la Justicia la plena vigencia de la Ley de Paritarias Municipales, luego de que la gobernadora, Mar\u00eda Eugenia Vidal,","og_url":"https:\/\/www.sanfernandonuestro.com.ar\/wp\/ate-va-a-la-justicia-para-reclamar-la-plena-vigencia-de-la-ley-de-paritarias-municipales\/","og_site_name":"San Fernando Nuestro","article_publisher":"https:\/\/www.facebook.com\/SanFernandoNuestro\/","article_author":"https:\/\/www.facebook.com\/sabrina.v.garcia","article_published_time":"2016-02-11T03:02:32+00:00","og_image":[{"width":620,"height":340,"url":"https:\/\/www.sanfernandonuestro.com.ar\/wp\/wp-content\/uploads\/2016\/02\/ATE.jpg","type":"image\/jpeg"}],"author":"Sabrina Garcia","twitter_card":"summary_large_image","twitter_creator":"@https:\/\/twitter.com\/garciasabri?lang=es","twitter_site":"@sfnuestro","twitter_misc":{"Escrito por":"Sabrina Garcia","Tiempo de lectura":"2 minutos"},"schema":{"@context":"https:\/\/schema.org","@graph":[{"@type":"Article","@id":"https:\/\/www.sanfernandonuestro.com.ar\/wp\/ate-va-a-la-justicia-para-reclamar-la-plena-vigencia-de-la-ley-de-paritarias-municipales\/#article","isPartOf":{"@id":"https:\/\/www.sanfernandonuestro.com.ar\/wp\/ate-va-a-la-justicia-para-reclamar-la-plena-vigencia-de-la-ley-de-paritarias-municipales\/"},"author":{"name":"Sabrina Garcia","@id":"https:\/\/www.sanfernandonuestro.com.ar\/wp\/#\/schema\/person\/b42a4d7cb7767aa65f3c9bb2861fcbe7"},"headline":"ATE va a la Justicia para reclamar la plena vigencia de la Ley de Paritarias Municipales","datePublished":"2016-02-11T03:02:32+00:00","mainEntityOfPage":{"@id":"https:\/\/www.sanfernandonuestro.com.ar\/wp\/ate-va-a-la-justicia-para-reclamar-la-plena-vigencia-de-la-ley-de-paritarias-municipales\/"},"wordCount":368,"commentCount":0,"publisher":{"@id":"https:\/\/www.sanfernandonuestro.com.ar\/wp\/#organization"},"image":{"@id":"https:\/\/www.sanfernandonuestro.com.ar\/wp\/ate-va-a-la-justicia-para-reclamar-la-plena-vigencia-de-la-ley-de-paritarias-municipales\/#primaryimage"},"thumbnailUrl":"https:\/\/www.sanfernandonuestro.com.ar\/wp\/wp-content\/uploads\/2016\/02\/ATE.jpg","articleSection":["POL\u00cdTICA"],"inLanguage":"es","potentialAction":[{"@type":"CommentAction","name":"Comment","target":["https:\/\/www.sanfernandonuestro.com.ar\/wp\/ate-va-a-la-justicia-para-reclamar-la-plena-vigencia-de-la-ley-de-paritarias-municipales\/#respond"]}]},{"@type":"WebPage","@id":"https:\/\/www.sanfernandonuestro.com.ar\/wp\/ate-va-a-la-justicia-para-reclamar-la-plena-vigencia-de-la-ley-de-paritarias-municipales\/","url":"https:\/\/www.sanfernandonuestro.com.ar\/wp\/ate-va-a-la-justicia-para-reclamar-la-plena-vigencia-de-la-ley-de-paritarias-municipales\/","name":"ATE va a la Justicia para reclamar la plena vigencia de la Ley de Paritarias Municipales - San Fernando Nuestro","isPartOf":{"@id":"https:\/\/www.sanfernandonuestro.com.ar\/wp\/#website"},"primaryImageOfPage":{"@id":"https:\/\/www.sanfernandonuestro.com.ar\/wp\/ate-va-a-la-justicia-para-reclamar-la-plena-vigencia-de-la-ley-de-paritarias-municipales\/#primaryimage"},"image":{"@id":"https:\/\/www.sanfernandonuestro.com.ar\/wp\/ate-va-a-la-justicia-para-reclamar-la-plena-vigencia-de-la-ley-de-paritarias-municipales\/#primaryimage"},"thumbnailUrl":"https:\/\/www.sanfernandonuestro.com.ar\/wp\/wp-content\/uploads\/2016\/02\/ATE.jpg","datePublished":"2016-02-11T03:02:32+00:00","breadcrumb":{"@id":"https:\/\/www.sanfernandonuestro.com.ar\/wp\/ate-va-a-la-justicia-para-reclamar-la-plena-vigencia-de-la-ley-de-paritarias-municipales\/#breadcrumb"},"inLanguage":"es","potentialAction":[{"@type":"ReadAction","target":["https:\/\/www.sanfernandonuestro.com.ar\/wp\/ate-va-a-la-justicia-para-reclamar-la-plena-vigencia-de-la-ley-de-paritarias-municipales\/"]}]},{"@type":"ImageObject","inLanguage":"es","@id":"https:\/\/www.sanfernandonuestro.com.ar\/wp\/ate-va-a-la-justicia-para-reclamar-la-plena-vigencia-de-la-ley-de-paritarias-municipales\/#primaryimage","url":"https:\/\/www.sanfernandonuestro.com.ar\/wp\/wp-content\/uploads\/2016\/02\/ATE.jpg","contentUrl":"https:\/\/www.sanfernandonuestro.com.ar\/wp\/wp-content\/uploads\/2016\/02\/ATE.jpg","width":620,"height":340},{"@type":"BreadcrumbList","@id":"https:\/\/www.sanfernandonuestro.com.ar\/wp\/ate-va-a-la-justicia-para-reclamar-la-plena-vigencia-de-la-ley-de-paritarias-municipales\/#breadcrumb","itemListElement":[{"@type":"ListItem","position":1,"name":"Portada","item":"https:\/\/www.sanfernandonuestro.com.ar\/wp\/"},{"@type":"ListItem","position":2,"name":"ATE va a la Justicia para reclamar la plena vigencia de la Ley de Paritarias Municipales"}]},{"@type":"WebSite","@id":"https:\/\/www.sanfernandonuestro.com.ar\/wp\/#website","url":"https:\/\/www.sanfernandonuestro.com.ar\/wp\/","name":"San Fernando Nuestro","description":"Un Lugar de Encuentro","publisher":{"@id":"https:\/\/www.sanfernandonuestro.com.ar\/wp\/#organization"},"potentialAction":[{"@type":"SearchAction","target":{"@type":"EntryPoint","urlTemplate":"https:\/\/www.sanfernandonuestro.com.ar\/wp\/?s={search_term_string}"},"query-input":{"@type":"PropertyValueSpecification","valueRequired":true,"valueName":"search_term_string"}}],"inLanguage":"es"},{"@type":"Organization","@id":"https:\/\/www.sanfernandonuestro.com.ar\/wp\/#organization","name":"San Fernando Nuestro","url":"https:\/\/www.sanfernandonuestro.com.ar\/wp\/","logo":{"@type":"ImageObject","inLanguage":"es","@id":"https:\/\/www.sanfernandonuestro.com.ar\/wp\/#\/schema\/logo\/image\/","url":"https:\/\/www.sanfernandonuestro.com.ar\/wp\/wp-content\/uploads\/2026\/07\/sfn-marca.png","contentUrl":"https:\/\/www.sanfernandonuestro.com.ar\/wp\/wp-content\/uploads\/2026\/07\/sfn-marca.png","width":390,"height":116,"caption":"San Fernando Nuestro"},"image":{"@id":"https:\/\/www.sanfernandonuestro.com.ar\/wp\/#\/schema\/logo\/image\/"},"sameAs":["https:\/\/www.facebook.com\/SanFernandoNuestro\/","https:\/\/x.com\/sfnuestro"]},{"@type":"Person","@id":"https:\/\/www.sanfernandonuestro.com.ar\/wp\/#\/schema\/person\/b42a4d7cb7767aa65f3c9bb2861fcbe7","name":"Sabrina Garcia","image":{"@type":"ImageObject","inLanguage":"es","@id":"https:\/\/secure.gravatar.com\/avatar\/635861e691b92a500308c1d7346bf695f797b11664daf3c231692c62a64f23fb?s=96&d=mm&r=g","url":"https:\/\/secure.gravatar.com\/avatar\/635861e691b92a500308c1d7346bf695f797b11664daf3c231692c62a64f23fb?s=96&d=mm&r=g","contentUrl":"https:\/\/secure.gravatar.com\/avatar\/635861e691b92a500308c1d7346bf695f797b11664daf3c231692c62a64f23fb?s=96&d=mm&r=g","caption":"Sabrina Garcia"},"sameAs":["https:\/\/www.facebook.com\/sabrina.v.garcia","sgarcia","https:\/\/x.com\/https:\/\/twitter.com\/garciasabri?lang=es","https:\/\/www.youtube.com\/user\/garciasabri"],"url":"https:\/\/www.sanfernandonuestro.com.ar\/wp\/author\/sgarcia\/"}]}},"_links":{"self":[{"href":"https:\/\/www.sanfernandonuestro.com.ar\/wp\/wp-json\/wp\/v2\/posts\/20416","targetHints":{"allow":["GET"]}}],"collection":[{"href":"https:\/\/www.sanfernandonuestro.com.ar\/wp\/wp-json\/wp\/v2\/posts"}],"about":[{"href":"https:\/\/www.sanfernandonuestro.com.ar\/wp\/wp-json\/wp\/v2\/types\/post"}],"author":[{"embeddable":true,"href":"https:\/\/www.sanfernandonuestro.com.ar\/wp\/wp-json\/wp\/v2\/users\/3"}],"replies":[{"embeddable":true,"href":"https:\/\/www.sanfernandonuestro.com.ar\/wp\/wp-json\/wp\/v2\/comments?post=20416"}],"version-history":[{"count":0,"href":"https:\/\/www.sanfernandonuestro.com.ar\/wp\/wp-json\/wp\/v2\/posts\/20416\/revisions"}],"wp:featuredmedia":[{"embeddable":true,"href":"https:\/\/www.sanfernandonuestro.com.ar\/wp\/wp-json\/wp\/v2\/media\/20417"}],"wp:attachment":[{"href":"https:\/\/www.sanfernandonuestro.com.ar\/wp\/wp-json\/wp\/v2\/media?parent=20416"}],"wp:term":[{"taxonomy":"category","embeddable":true,"href":"https:\/\/www.sanfernandonuestro.com.ar\/wp\/wp-json\/wp\/v2\/categories?post=20416"},{"taxonomy":"post_tag","embeddable":true,"href":"https:\/\/www.sanfernandonuestro.com.ar\/wp\/wp-json\/wp\/v2\/tags?post=20416"}],"curies":[{"name":"wp","href":"https:\/\/api.w.org\/{rel}","templated":true}]}}