{"id":29757,"date":"2017-01-21T00:02:58","date_gmt":"2017-01-21T03:02:58","guid":{"rendered":"http:\/\/www.sanfernandonuestro.com.ar\/wp\/?p=29757"},"modified":"2017-01-20T23:20:05","modified_gmt":"2017-01-21T02:20:05","slug":"salvador-dijo-que-hay-un-sector-que-utiliza-como-chicana-politica-las-vacaciones-de-vidal","status":"publish","type":"post","link":"https:\/\/www.sanfernandonuestro.com.ar\/wp\/salvador-dijo-que-hay-un-sector-que-utiliza-como-chicana-politica-las-vacaciones-de-vidal\/","title":{"rendered":"Salvador dijo que \u00abhay un sector que utiliza como chicana pol\u00edtica\u00bb las vacaciones de Vidal"},"content":{"rendered":"<p><strong>El vicegobernador de la provincia de Buenos Aires asegur\u00f3 que <em>\u00abdej\u00f3 un gobierno absolutamente armado que est\u00e1 dando las mismas respuestas que dar\u00eda ella\u00bb<\/em> con su presencia.<\/strong><\/p><div id=\"sanfe-4122341773\" class=\"sanfe-contenido sanfe-entity-placement\" style=\"margin-top: 1px;margin-right: 2px;\"><script async src=\"\/\/pagead2.googlesyndication.com\/pagead\/js\/adsbygoogle.js\"><\/script>\r\n<!-- anuncio -->\r\n<ins class=\"adsbygoogle\"\r\n     style=\"display:block\"\r\n     data-ad-client=\"ca-pub-6719099566820218\"\r\n     data-ad-slot=\"4258158415\"\r\n     data-ad-format=\"auto\"\r\n     data-full-width-responsive=\"true\"><\/ins>\r\n<script>\r\n(adsbygoogle = window.adsbygoogle || []).push({});\r\n<\/script><\/div><br style=\"clear: both; display: block; float: none;\"\/>\n<p><em>\u00abHay un sector que utiliza esto como una chicana pol\u00edtica pero nosotros tenemos la tranquilidad de saber que la gobernadora tiene un gran compromiso y una presencia absoluta con la provincia, con lo cual creo que no da para que sea un tema de debate\u00bb<\/em>, dijo Daniel Salvador a Radio Nacional.<\/p>\n<p>El vicegobernador agreg\u00f3 que <em>\u00abesta semana que se tom\u00f3 estuvo prevista desde hace tiempo, y dej\u00f3 un gobierno absolutamente armado que est\u00e1 dando las mismas respuestas que dar\u00eda ella\u00bb.<\/em><\/p>\n<p>Adem\u00e1s, puntualiz\u00f3 que el gabinete bonaerense est\u00e1 en <em>\u00abpermanente contacto\u00bb<\/em> con Vidal, <em>\u00abespecialmente a trav\u00e9s del jefe de Gabinete, Federico Salvai\u00bb.<\/em><\/p>\n<p>Cuando le preguntaron sobre el destino elegido por la gobernadora para sus vacaciones, M\u00e9xico, el vicegobernador respondi\u00f3 que <em>\u00abno es un tema central\u00bb<\/em> y que tiene que ver con las <em>\u00abposibilidades\u00bb<\/em> individuales.<\/p>\n<p>Asimismo, Salvador remarc\u00f3 que Vidal gener\u00f3 <em>\u00aba trav\u00e9s de todo el a\u00f1o pasado, un gobierno que ha puesto a la provincia de pie, con obras important\u00edsimas y ministros que siempre tienen presencia en su territorio\u00bb.<\/em><\/p>\n<p><em>\u00abEstamos tomando todos los recaudos necesarios, con asistencia, insumos y desde lo t\u00e9cnico, con ingenieros de hidr\u00e1ulica\u00bb<\/em>, dijo.<\/p>\n<p>Sobre el final de la entrevista se refiri\u00f3 a la paritaria docente de este a\u00f1o, sobre la que manifest\u00f3 que existe <em>\u00abla mejor voluntad\u00bb<\/em> teniendo <em>\u00aben claro que podemos acordar lo que podemos cumplir\u00bb<\/em>; y se mostr\u00f3 esperanzado en que <em>\u00ablas clases comiencen en el cronograma previsto\u00bb<\/em>.<\/p>\n<p>Fuente: T\u00e9lam<\/p>\n","protected":false},"excerpt":{"rendered":"<p>El vicegobernador de la provincia de Buenos Aires asegur\u00f3 que \u00abdej\u00f3 un gobierno absolutamente armado que est\u00e1 dando las mismas respuestas que dar\u00eda ella\u00bb con su presencia. \u00abHay un sector<\/p>\n","protected":false},"author":3,"featured_media":12449,"comment_status":"open","ping_status":"open","sticky":false,"template":"","format":"standard","meta":{"footnotes":""},"categories":[55],"tags":[],"class_list":["post-29757","post","type-post","status-publish","format-standard","has-post-thumbnail","hentry","category-informacion-general"],"yoast_head":"<!-- This site is optimized with the Yoast SEO plugin v28.3 - https:\/\/yoast.com\/product\/yoast-seo-wordpress\/ -->\n<title>Salvador dijo que &quot;hay un sector que utiliza como chicana pol\u00edtica&quot; las vacaciones de Vidal - San Fernando Nuestro<\/title>\n<meta name=\"robots\" content=\"index, follow, max-snippet:-1, max-image-preview:large, max-video-preview:-1\" \/>\n<link rel=\"canonical\" href=\"https:\/\/www.sanfernandonuestro.com.ar\/wp\/salvador-dijo-que-hay-un-sector-que-utiliza-como-chicana-politica-las-vacaciones-de-vidal\/\" \/>\n<meta property=\"og:locale\" content=\"es_ES\" \/>\n<meta property=\"og:type\" content=\"article\" \/>\n<meta property=\"og:title\" content=\"Salvador dijo que &quot;hay un sector que utiliza como chicana pol\u00edtica&quot; las vacaciones de Vidal - San Fernando Nuestro\" \/>\n<meta property=\"og:description\" content=\"El vicegobernador de la provincia de Buenos Aires asegur\u00f3 que \u00abdej\u00f3 un gobierno absolutamente armado que est\u00e1 dando las mismas respuestas que dar\u00eda ella\u00bb con su presencia. \u00abHay un sector\" \/>\n<meta property=\"og:url\" content=\"https:\/\/www.sanfernandonuestro.com.ar\/wp\/salvador-dijo-que-hay-un-sector-que-utiliza-como-chicana-politica-las-vacaciones-de-vidal\/\" \/>\n<meta property=\"og:site_name\" content=\"San Fernando Nuestro\" \/>\n<meta property=\"article:publisher\" content=\"https:\/\/www.facebook.com\/SanFernandoNuestro\/\" \/>\n<meta property=\"article:author\" content=\"https:\/\/www.facebook.com\/sabrina.v.garcia\" \/>\n<meta property=\"article:published_time\" content=\"2017-01-21T03:02:58+00:00\" \/>\n<meta property=\"og:image\" content=\"https:\/\/www.sanfernandonuestro.com.ar\/wp\/wp-content\/uploads\/2015\/06\/10363638_835099206539140_17402248327338877_n-e1434806403842.jpg\" \/>\n\t<meta property=\"og:image:width\" content=\"900\" \/>\n\t<meta property=\"og:image:height\" content=\"564\" \/>\n\t<meta property=\"og:image:type\" content=\"image\/jpeg\" \/>\n<meta name=\"author\" content=\"Sabrina Garcia\" \/>\n<meta name=\"twitter:card\" content=\"summary_large_image\" \/>\n<meta name=\"twitter:creator\" content=\"@https:\/\/twitter.com\/garciasabri?lang=es\" \/>\n<meta name=\"twitter:site\" content=\"@sfnuestro\" \/>\n<meta name=\"twitter:label1\" content=\"Escrito por\" \/>\n\t<meta name=\"twitter:data1\" content=\"Sabrina Garcia\" \/>\n\t<meta name=\"twitter:label2\" content=\"Tiempo de lectura\" \/>\n\t<meta name=\"twitter:data2\" content=\"1 minuto\" \/>\n<script type=\"application\/ld+json\" class=\"yoast-schema-graph\">{\"@context\":\"https:\\\/\\\/schema.org\",\"@graph\":[{\"@type\":\"Article\",\"@id\":\"https:\\\/\\\/www.sanfernandonuestro.com.ar\\\/wp\\\/salvador-dijo-que-hay-un-sector-que-utiliza-como-chicana-politica-las-vacaciones-de-vidal\\\/#article\",\"isPartOf\":{\"@id\":\"https:\\\/\\\/www.sanfernandonuestro.com.ar\\\/wp\\\/salvador-dijo-que-hay-un-sector-que-utiliza-como-chicana-politica-las-vacaciones-de-vidal\\\/\"},\"author\":{\"name\":\"Sabrina Garcia\",\"@id\":\"https:\\\/\\\/www.sanfernandonuestro.com.ar\\\/wp\\\/#\\\/schema\\\/person\\\/b42a4d7cb7767aa65f3c9bb2861fcbe7\"},\"headline\":\"Salvador dijo que \u00abhay un sector que utiliza como chicana pol\u00edtica\u00bb las vacaciones de Vidal\",\"datePublished\":\"2017-01-21T03:02:58+00:00\",\"mainEntityOfPage\":{\"@id\":\"https:\\\/\\\/www.sanfernandonuestro.com.ar\\\/wp\\\/salvador-dijo-que-hay-un-sector-que-utiliza-como-chicana-politica-las-vacaciones-de-vidal\\\/\"},\"wordCount\":291,\"commentCount\":0,\"publisher\":{\"@id\":\"https:\\\/\\\/www.sanfernandonuestro.com.ar\\\/wp\\\/#organization\"},\"image\":{\"@id\":\"https:\\\/\\\/www.sanfernandonuestro.com.ar\\\/wp\\\/salvador-dijo-que-hay-un-sector-que-utiliza-como-chicana-politica-las-vacaciones-de-vidal\\\/#primaryimage\"},\"thumbnailUrl\":\"https:\\\/\\\/www.sanfernandonuestro.com.ar\\\/wp\\\/wp-content\\\/uploads\\\/2015\\\/06\\\/10363638_835099206539140_17402248327338877_n-e1434806403842.jpg\",\"articleSection\":[\"INFORMACI\u00d3N GENERAL\"],\"inLanguage\":\"es\",\"potentialAction\":[{\"@type\":\"CommentAction\",\"name\":\"Comment\",\"target\":[\"https:\\\/\\\/www.sanfernandonuestro.com.ar\\\/wp\\\/salvador-dijo-que-hay-un-sector-que-utiliza-como-chicana-politica-las-vacaciones-de-vidal\\\/#respond\"]}]},{\"@type\":\"WebPage\",\"@id\":\"https:\\\/\\\/www.sanfernandonuestro.com.ar\\\/wp\\\/salvador-dijo-que-hay-un-sector-que-utiliza-como-chicana-politica-las-vacaciones-de-vidal\\\/\",\"url\":\"https:\\\/\\\/www.sanfernandonuestro.com.ar\\\/wp\\\/salvador-dijo-que-hay-un-sector-que-utiliza-como-chicana-politica-las-vacaciones-de-vidal\\\/\",\"name\":\"Salvador dijo que \\\"hay un sector que utiliza como chicana pol\u00edtica\\\" las vacaciones de Vidal - San Fernando Nuestro\",\"isPartOf\":{\"@id\":\"https:\\\/\\\/www.sanfernandonuestro.com.ar\\\/wp\\\/#website\"},\"primaryImageOfPage\":{\"@id\":\"https:\\\/\\\/www.sanfernandonuestro.com.ar\\\/wp\\\/salvador-dijo-que-hay-un-sector-que-utiliza-como-chicana-politica-las-vacaciones-de-vidal\\\/#primaryimage\"},\"image\":{\"@id\":\"https:\\\/\\\/www.sanfernandonuestro.com.ar\\\/wp\\\/salvador-dijo-que-hay-un-sector-que-utiliza-como-chicana-politica-las-vacaciones-de-vidal\\\/#primaryimage\"},\"thumbnailUrl\":\"https:\\\/\\\/www.sanfernandonuestro.com.ar\\\/wp\\\/wp-content\\\/uploads\\\/2015\\\/06\\\/10363638_835099206539140_17402248327338877_n-e1434806403842.jpg\",\"datePublished\":\"2017-01-21T03:02:58+00:00\",\"breadcrumb\":{\"@id\":\"https:\\\/\\\/www.sanfernandonuestro.com.ar\\\/wp\\\/salvador-dijo-que-hay-un-sector-que-utiliza-como-chicana-politica-las-vacaciones-de-vidal\\\/#breadcrumb\"},\"inLanguage\":\"es\",\"potentialAction\":[{\"@type\":\"ReadAction\",\"target\":[\"https:\\\/\\\/www.sanfernandonuestro.com.ar\\\/wp\\\/salvador-dijo-que-hay-un-sector-que-utiliza-como-chicana-politica-las-vacaciones-de-vidal\\\/\"]}]},{\"@type\":\"ImageObject\",\"inLanguage\":\"es\",\"@id\":\"https:\\\/\\\/www.sanfernandonuestro.com.ar\\\/wp\\\/salvador-dijo-que-hay-un-sector-que-utiliza-como-chicana-politica-las-vacaciones-de-vidal\\\/#primaryimage\",\"url\":\"https:\\\/\\\/www.sanfernandonuestro.com.ar\\\/wp\\\/wp-content\\\/uploads\\\/2015\\\/06\\\/10363638_835099206539140_17402248327338877_n-e1434806403842.jpg\",\"contentUrl\":\"https:\\\/\\\/www.sanfernandonuestro.com.ar\\\/wp\\\/wp-content\\\/uploads\\\/2015\\\/06\\\/10363638_835099206539140_17402248327338877_n-e1434806403842.jpg\",\"width\":900,\"height\":564},{\"@type\":\"BreadcrumbList\",\"@id\":\"https:\\\/\\\/www.sanfernandonuestro.com.ar\\\/wp\\\/salvador-dijo-que-hay-un-sector-que-utiliza-como-chicana-politica-las-vacaciones-de-vidal\\\/#breadcrumb\",\"itemListElement\":[{\"@type\":\"ListItem\",\"position\":1,\"name\":\"Portada\",\"item\":\"https:\\\/\\\/www.sanfernandonuestro.com.ar\\\/wp\\\/\"},{\"@type\":\"ListItem\",\"position\":2,\"name\":\"Salvador dijo que \u00abhay un sector que utiliza como chicana pol\u00edtica\u00bb las vacaciones de Vidal\"}]},{\"@type\":\"WebSite\",\"@id\":\"https:\\\/\\\/www.sanfernandonuestro.com.ar\\\/wp\\\/#website\",\"url\":\"https:\\\/\\\/www.sanfernandonuestro.com.ar\\\/wp\\\/\",\"name\":\"San Fernando Nuestro\",\"description\":\"Un Lugar de Encuentro\",\"publisher\":{\"@id\":\"https:\\\/\\\/www.sanfernandonuestro.com.ar\\\/wp\\\/#organization\"},\"potentialAction\":[{\"@type\":\"SearchAction\",\"target\":{\"@type\":\"EntryPoint\",\"urlTemplate\":\"https:\\\/\\\/www.sanfernandonuestro.com.ar\\\/wp\\\/?s={search_term_string}\"},\"query-input\":{\"@type\":\"PropertyValueSpecification\",\"valueRequired\":true,\"valueName\":\"search_term_string\"}}],\"inLanguage\":\"es\"},{\"@type\":\"Organization\",\"@id\":\"https:\\\/\\\/www.sanfernandonuestro.com.ar\\\/wp\\\/#organization\",\"name\":\"San Fernando Nuestro\",\"url\":\"https:\\\/\\\/www.sanfernandonuestro.com.ar\\\/wp\\\/\",\"logo\":{\"@type\":\"ImageObject\",\"inLanguage\":\"es\",\"@id\":\"https:\\\/\\\/www.sanfernandonuestro.com.ar\\\/wp\\\/#\\\/schema\\\/logo\\\/image\\\/\",\"url\":\"https:\\\/\\\/www.sanfernandonuestro.com.ar\\\/wp\\\/wp-content\\\/uploads\\\/2026\\\/07\\\/sfn-marca.png\",\"contentUrl\":\"https:\\\/\\\/www.sanfernandonuestro.com.ar\\\/wp\\\/wp-content\\\/uploads\\\/2026\\\/07\\\/sfn-marca.png\",\"width\":390,\"height\":116,\"caption\":\"San Fernando Nuestro\"},\"image\":{\"@id\":\"https:\\\/\\\/www.sanfernandonuestro.com.ar\\\/wp\\\/#\\\/schema\\\/logo\\\/image\\\/\"},\"sameAs\":[\"https:\\\/\\\/www.facebook.com\\\/SanFernandoNuestro\\\/\",\"https:\\\/\\\/x.com\\\/sfnuestro\"]},{\"@type\":\"Person\",\"@id\":\"https:\\\/\\\/www.sanfernandonuestro.com.ar\\\/wp\\\/#\\\/schema\\\/person\\\/b42a4d7cb7767aa65f3c9bb2861fcbe7\",\"name\":\"Sabrina Garcia\",\"image\":{\"@type\":\"ImageObject\",\"inLanguage\":\"es\",\"@id\":\"https:\\\/\\\/secure.gravatar.com\\\/avatar\\\/635861e691b92a500308c1d7346bf695f797b11664daf3c231692c62a64f23fb?s=96&d=mm&r=g\",\"url\":\"https:\\\/\\\/secure.gravatar.com\\\/avatar\\\/635861e691b92a500308c1d7346bf695f797b11664daf3c231692c62a64f23fb?s=96&d=mm&r=g\",\"contentUrl\":\"https:\\\/\\\/secure.gravatar.com\\\/avatar\\\/635861e691b92a500308c1d7346bf695f797b11664daf3c231692c62a64f23fb?s=96&d=mm&r=g\",\"caption\":\"Sabrina Garcia\"},\"sameAs\":[\"https:\\\/\\\/www.facebook.com\\\/sabrina.v.garcia\",\"sgarcia\",\"https:\\\/\\\/x.com\\\/https:\\\/\\\/twitter.com\\\/garciasabri?lang=es\",\"https:\\\/\\\/www.youtube.com\\\/user\\\/garciasabri\"],\"url\":\"https:\\\/\\\/www.sanfernandonuestro.com.ar\\\/wp\\\/author\\\/sgarcia\\\/\"}]}<\/script>\n<!-- \/ Yoast SEO plugin. -->","yoast_head_json":{"title":"Salvador dijo que \"hay un sector que utiliza como chicana pol\u00edtica\" las vacaciones de Vidal - San Fernando Nuestro","robots":{"index":"index","follow":"follow","max-snippet":"max-snippet:-1","max-image-preview":"max-image-preview:large","max-video-preview":"max-video-preview:-1"},"canonical":"https:\/\/www.sanfernandonuestro.com.ar\/wp\/salvador-dijo-que-hay-un-sector-que-utiliza-como-chicana-politica-las-vacaciones-de-vidal\/","og_locale":"es_ES","og_type":"article","og_title":"Salvador dijo que \"hay un sector que utiliza como chicana pol\u00edtica\" las vacaciones de Vidal - San Fernando Nuestro","og_description":"El vicegobernador de la provincia de Buenos Aires asegur\u00f3 que \u00abdej\u00f3 un gobierno absolutamente armado que est\u00e1 dando las mismas respuestas que dar\u00eda ella\u00bb con su presencia. \u00abHay un sector","og_url":"https:\/\/www.sanfernandonuestro.com.ar\/wp\/salvador-dijo-que-hay-un-sector-que-utiliza-como-chicana-politica-las-vacaciones-de-vidal\/","og_site_name":"San Fernando Nuestro","article_publisher":"https:\/\/www.facebook.com\/SanFernandoNuestro\/","article_author":"https:\/\/www.facebook.com\/sabrina.v.garcia","article_published_time":"2017-01-21T03:02:58+00:00","og_image":[{"width":900,"height":564,"url":"https:\/\/www.sanfernandonuestro.com.ar\/wp\/wp-content\/uploads\/2015\/06\/10363638_835099206539140_17402248327338877_n-e1434806403842.jpg","type":"image\/jpeg"}],"author":"Sabrina Garcia","twitter_card":"summary_large_image","twitter_creator":"@https:\/\/twitter.com\/garciasabri?lang=es","twitter_site":"@sfnuestro","twitter_misc":{"Escrito por":"Sabrina Garcia","Tiempo de lectura":"1 minuto"},"schema":{"@context":"https:\/\/schema.org","@graph":[{"@type":"Article","@id":"https:\/\/www.sanfernandonuestro.com.ar\/wp\/salvador-dijo-que-hay-un-sector-que-utiliza-como-chicana-politica-las-vacaciones-de-vidal\/#article","isPartOf":{"@id":"https:\/\/www.sanfernandonuestro.com.ar\/wp\/salvador-dijo-que-hay-un-sector-que-utiliza-como-chicana-politica-las-vacaciones-de-vidal\/"},"author":{"name":"Sabrina Garcia","@id":"https:\/\/www.sanfernandonuestro.com.ar\/wp\/#\/schema\/person\/b42a4d7cb7767aa65f3c9bb2861fcbe7"},"headline":"Salvador dijo que \u00abhay un sector que utiliza como chicana pol\u00edtica\u00bb las vacaciones de Vidal","datePublished":"2017-01-21T03:02:58+00:00","mainEntityOfPage":{"@id":"https:\/\/www.sanfernandonuestro.com.ar\/wp\/salvador-dijo-que-hay-un-sector-que-utiliza-como-chicana-politica-las-vacaciones-de-vidal\/"},"wordCount":291,"commentCount":0,"publisher":{"@id":"https:\/\/www.sanfernandonuestro.com.ar\/wp\/#organization"},"image":{"@id":"https:\/\/www.sanfernandonuestro.com.ar\/wp\/salvador-dijo-que-hay-un-sector-que-utiliza-como-chicana-politica-las-vacaciones-de-vidal\/#primaryimage"},"thumbnailUrl":"https:\/\/www.sanfernandonuestro.com.ar\/wp\/wp-content\/uploads\/2015\/06\/10363638_835099206539140_17402248327338877_n-e1434806403842.jpg","articleSection":["INFORMACI\u00d3N GENERAL"],"inLanguage":"es","potentialAction":[{"@type":"CommentAction","name":"Comment","target":["https:\/\/www.sanfernandonuestro.com.ar\/wp\/salvador-dijo-que-hay-un-sector-que-utiliza-como-chicana-politica-las-vacaciones-de-vidal\/#respond"]}]},{"@type":"WebPage","@id":"https:\/\/www.sanfernandonuestro.com.ar\/wp\/salvador-dijo-que-hay-un-sector-que-utiliza-como-chicana-politica-las-vacaciones-de-vidal\/","url":"https:\/\/www.sanfernandonuestro.com.ar\/wp\/salvador-dijo-que-hay-un-sector-que-utiliza-como-chicana-politica-las-vacaciones-de-vidal\/","name":"Salvador dijo que \"hay un sector que utiliza como chicana pol\u00edtica\" las vacaciones de Vidal - San Fernando Nuestro","isPartOf":{"@id":"https:\/\/www.sanfernandonuestro.com.ar\/wp\/#website"},"primaryImageOfPage":{"@id":"https:\/\/www.sanfernandonuestro.com.ar\/wp\/salvador-dijo-que-hay-un-sector-que-utiliza-como-chicana-politica-las-vacaciones-de-vidal\/#primaryimage"},"image":{"@id":"https:\/\/www.sanfernandonuestro.com.ar\/wp\/salvador-dijo-que-hay-un-sector-que-utiliza-como-chicana-politica-las-vacaciones-de-vidal\/#primaryimage"},"thumbnailUrl":"https:\/\/www.sanfernandonuestro.com.ar\/wp\/wp-content\/uploads\/2015\/06\/10363638_835099206539140_17402248327338877_n-e1434806403842.jpg","datePublished":"2017-01-21T03:02:58+00:00","breadcrumb":{"@id":"https:\/\/www.sanfernandonuestro.com.ar\/wp\/salvador-dijo-que-hay-un-sector-que-utiliza-como-chicana-politica-las-vacaciones-de-vidal\/#breadcrumb"},"inLanguage":"es","potentialAction":[{"@type":"ReadAction","target":["https:\/\/www.sanfernandonuestro.com.ar\/wp\/salvador-dijo-que-hay-un-sector-que-utiliza-como-chicana-politica-las-vacaciones-de-vidal\/"]}]},{"@type":"ImageObject","inLanguage":"es","@id":"https:\/\/www.sanfernandonuestro.com.ar\/wp\/salvador-dijo-que-hay-un-sector-que-utiliza-como-chicana-politica-las-vacaciones-de-vidal\/#primaryimage","url":"https:\/\/www.sanfernandonuestro.com.ar\/wp\/wp-content\/uploads\/2015\/06\/10363638_835099206539140_17402248327338877_n-e1434806403842.jpg","contentUrl":"https:\/\/www.sanfernandonuestro.com.ar\/wp\/wp-content\/uploads\/2015\/06\/10363638_835099206539140_17402248327338877_n-e1434806403842.jpg","width":900,"height":564},{"@type":"BreadcrumbList","@id":"https:\/\/www.sanfernandonuestro.com.ar\/wp\/salvador-dijo-que-hay-un-sector-que-utiliza-como-chicana-politica-las-vacaciones-de-vidal\/#breadcrumb","itemListElement":[{"@type":"ListItem","position":1,"name":"Portada","item":"https:\/\/www.sanfernandonuestro.com.ar\/wp\/"},{"@type":"ListItem","position":2,"name":"Salvador dijo que \u00abhay un sector que utiliza como chicana pol\u00edtica\u00bb las vacaciones de Vidal"}]},{"@type":"WebSite","@id":"https:\/\/www.sanfernandonuestro.com.ar\/wp\/#website","url":"https:\/\/www.sanfernandonuestro.com.ar\/wp\/","name":"San Fernando Nuestro","description":"Un Lugar de Encuentro","publisher":{"@id":"https:\/\/www.sanfernandonuestro.com.ar\/wp\/#organization"},"potentialAction":[{"@type":"SearchAction","target":{"@type":"EntryPoint","urlTemplate":"https:\/\/www.sanfernandonuestro.com.ar\/wp\/?s={search_term_string}"},"query-input":{"@type":"PropertyValueSpecification","valueRequired":true,"valueName":"search_term_string"}}],"inLanguage":"es"},{"@type":"Organization","@id":"https:\/\/www.sanfernandonuestro.com.ar\/wp\/#organization","name":"San Fernando Nuestro","url":"https:\/\/www.sanfernandonuestro.com.ar\/wp\/","logo":{"@type":"ImageObject","inLanguage":"es","@id":"https:\/\/www.sanfernandonuestro.com.ar\/wp\/#\/schema\/logo\/image\/","url":"https:\/\/www.sanfernandonuestro.com.ar\/wp\/wp-content\/uploads\/2026\/07\/sfn-marca.png","contentUrl":"https:\/\/www.sanfernandonuestro.com.ar\/wp\/wp-content\/uploads\/2026\/07\/sfn-marca.png","width":390,"height":116,"caption":"San Fernando Nuestro"},"image":{"@id":"https:\/\/www.sanfernandonuestro.com.ar\/wp\/#\/schema\/logo\/image\/"},"sameAs":["https:\/\/www.facebook.com\/SanFernandoNuestro\/","https:\/\/x.com\/sfnuestro"]},{"@type":"Person","@id":"https:\/\/www.sanfernandonuestro.com.ar\/wp\/#\/schema\/person\/b42a4d7cb7767aa65f3c9bb2861fcbe7","name":"Sabrina Garcia","image":{"@type":"ImageObject","inLanguage":"es","@id":"https:\/\/secure.gravatar.com\/avatar\/635861e691b92a500308c1d7346bf695f797b11664daf3c231692c62a64f23fb?s=96&d=mm&r=g","url":"https:\/\/secure.gravatar.com\/avatar\/635861e691b92a500308c1d7346bf695f797b11664daf3c231692c62a64f23fb?s=96&d=mm&r=g","contentUrl":"https:\/\/secure.gravatar.com\/avatar\/635861e691b92a500308c1d7346bf695f797b11664daf3c231692c62a64f23fb?s=96&d=mm&r=g","caption":"Sabrina Garcia"},"sameAs":["https:\/\/www.facebook.com\/sabrina.v.garcia","sgarcia","https:\/\/x.com\/https:\/\/twitter.com\/garciasabri?lang=es","https:\/\/www.youtube.com\/user\/garciasabri"],"url":"https:\/\/www.sanfernandonuestro.com.ar\/wp\/author\/sgarcia\/"}]}},"_links":{"self":[{"href":"https:\/\/www.sanfernandonuestro.com.ar\/wp\/wp-json\/wp\/v2\/posts\/29757","targetHints":{"allow":["GET"]}}],"collection":[{"href":"https:\/\/www.sanfernandonuestro.com.ar\/wp\/wp-json\/wp\/v2\/posts"}],"about":[{"href":"https:\/\/www.sanfernandonuestro.com.ar\/wp\/wp-json\/wp\/v2\/types\/post"}],"author":[{"embeddable":true,"href":"https:\/\/www.sanfernandonuestro.com.ar\/wp\/wp-json\/wp\/v2\/users\/3"}],"replies":[{"embeddable":true,"href":"https:\/\/www.sanfernandonuestro.com.ar\/wp\/wp-json\/wp\/v2\/comments?post=29757"}],"version-history":[{"count":0,"href":"https:\/\/www.sanfernandonuestro.com.ar\/wp\/wp-json\/wp\/v2\/posts\/29757\/revisions"}],"wp:featuredmedia":[{"embeddable":true,"href":"https:\/\/www.sanfernandonuestro.com.ar\/wp\/wp-json\/wp\/v2\/media\/12449"}],"wp:attachment":[{"href":"https:\/\/www.sanfernandonuestro.com.ar\/wp\/wp-json\/wp\/v2\/media?parent=29757"}],"wp:term":[{"taxonomy":"category","embeddable":true,"href":"https:\/\/www.sanfernandonuestro.com.ar\/wp\/wp-json\/wp\/v2\/categories?post=29757"},{"taxonomy":"post_tag","embeddable":true,"href":"https:\/\/www.sanfernandonuestro.com.ar\/wp\/wp-json\/wp\/v2\/tags?post=29757"}],"curies":[{"name":"wp","href":"https:\/\/api.w.org\/{rel}","templated":true}]}}