{"id":39756,"date":"2018-05-15T00:04:51","date_gmt":"2018-05-15T03:04:51","guid":{"rendered":"http:\/\/www.sanfernandonuestro.com.ar\/wp\/?p=39756"},"modified":"2018-05-15T00:25:57","modified_gmt":"2018-05-15T03:25:57","slug":"la-biblioteca-genoveva-cumple-60-anos-y-convoca-a-la-comunidad-a-crear-el-museo-isleno","status":"publish","type":"post","link":"https:\/\/www.sanfernandonuestro.com.ar\/wp\/la-biblioteca-genoveva-cumple-60-anos-y-convoca-a-la-comunidad-a-crear-el-museo-isleno\/","title":{"rendered":"La Biblioteca Genoveva cumple 60 a\u00f1os y convoca a la comunidad a crear el museo isle\u00f1o"},"content":{"rendered":"<p><strong>Por Sabrina Garcia<\/strong><\/p><div id=\"sanfe-3167234854\" class=\"sanfe-contenido sanfe-entity-placement\" style=\"margin-top: 1px;margin-right: 2px;\"><script async src=\"\/\/pagead2.googlesyndication.com\/pagead\/js\/adsbygoogle.js\"><\/script>\r\n<!-- anuncio -->\r\n<ins class=\"adsbygoogle\"\r\n     style=\"display:block\"\r\n     data-ad-client=\"ca-pub-6719099566820218\"\r\n     data-ad-slot=\"4258158415\"\r\n     data-ad-format=\"auto\"\r\n     data-full-width-responsive=\"true\"><\/ins>\r\n<script>\r\n(adsbygoogle = window.adsbygoogle || []).push({});\r\n<\/script><\/div><br style=\"clear: both; display: block; float: none;\"\/>\n<p><strong>La Biblioteca Genoveva cumple 60 a\u00f1os y lo celebra con la creaci\u00f3n del &#8216;Museo Isle\u00f1o&#8217;. Para ello lanz\u00f3 una convocatoria a la comunidad en la que se invita a acercar\u00a0objetos, fotograf\u00edas e historias que hablen de nuestro delta.<\/strong><\/p>\n<p><a href=\"http:\/\/www.sanfernandonuestro.com.ar\/wp\/wp-content\/uploads\/2018\/05\/WhatsApp-Image-2018-05-14-at-10.41.44.jpeg\"><img loading=\"lazy\" decoding=\"async\" class=\"alignleft wp-image-39823 size-medium\" src=\"http:\/\/www.sanfernandonuestro.com.ar\/wp\/wp-content\/uploads\/2018\/05\/WhatsApp-Image-2018-05-14-at-10.41.44-168x300.jpeg\" alt=\"Museo Isle\u00f1o de Biblioteca Genoveva\" width=\"168\" height=\"300\" srcset=\"https:\/\/www.sanfernandonuestro.com.ar\/wp\/wp-content\/uploads\/2018\/05\/WhatsApp-Image-2018-05-14-at-10.41.44-168x300.jpeg 168w, https:\/\/www.sanfernandonuestro.com.ar\/wp\/wp-content\/uploads\/2018\/05\/WhatsApp-Image-2018-05-14-at-10.41.44-576x1024.jpeg 576w, https:\/\/www.sanfernandonuestro.com.ar\/wp\/wp-content\/uploads\/2018\/05\/WhatsApp-Image-2018-05-14-at-10.41.44.jpeg 720w\" sizes=\"auto, (max-width: 168px) 100vw, 168px\" \/><\/a>La Biblioteca Genoveva est\u00e1 ubicada en el arroyo Felicaria. Fue creada hace 60 a\u00f1os. Desde el a\u00f1o pasado lograron que el municipio cediera un espacio m\u00e1s grande para poder trasladar los libros y realizar las actividades ya que el establecimiento les qued\u00f3 chico. Ahora promueven la creaci\u00f3n de un Museo Isle\u00f1o que pueda reflejar esas historias que han sido testigos de la vida en el delta.<\/p>\n<p>En septiembre de 1958 se constituy\u00f3 la Sociedad de Fomento Vecinal Arroyo Felicaria. En 1999 gracias al acompa\u00f1amiento de CONABIP creci\u00f3 su trabajo como biblioteca popular. Es as\u00ed que este a\u00f1o la Biblioteca Popular Santa Genoveva cumple 60 a\u00f1os\u00a0y la comisi\u00f3n directiva propuso construir el &#8216;Museo Isle\u00f1o&#8217; como un espacio de construcci\u00f3n permanente que refleje esas historias que poblaron nuestro delta.<\/p>\n<p>\u00abPara celebrar nuestra historia decidimos comenzar a recopilar objetos, fotograf\u00edas, historias de nuestro amado delta. Bienvenidos a todos los que quieran colaborar en este proyecto con elementos en desuso (una vieja herramienta, alg\u00fan elemento n\u00e1utico, fotograf\u00edas familiares &#8211; que luego de ser escaneadas ser\u00e1n devueltas a sus due\u00f1os-). Tambi\u00e9n pueden enviarnos an\u00e9cdotas grabadas (audio o video)\u00bb, indica la invitaci\u00f3n a la convocatoria lanzada por la Biblioteca Genoveva.<\/p>\n<p>Gabriel Martino, bibliotecario a cargo del proyecto sostiene que \u00aba veces sus due\u00f1os la desconocen la historia de esos objetos\u00bb pero lo importante es \u00abreunirlos porque han estado mucho tiempo en esas familias. El objeto comparti\u00f3 la historia con ellos. Comparti\u00f3 las crecidas, a veces estuvo enterrado, capaz est\u00e1 oxidado. En caso de conocer su historia, contarla\u00bb.<\/p>\n<p>Y especifica: \u00abPuede ser una guada\u00f1a manual, un molinillo de granos, una peladora de mimbre, puede ser cualquier cosa. La importancia del objeto como portador de una historia\u00bb.<\/p>\n<p>Si bien la convocatoria surge a partir del aniversario 60 de la Biblioteca Genoveva, \u00abla idea es que el museo crezca, contin\u00fae, se agregue\u00bb, explica Martino y agrega \u00abcomo un objeto viviente, como una criatura\u00bb. \u00abSon elementos que est\u00e1 es desuso por obsoletos o por simplemente dejar de usarlos, unidos forman un organismo que cuenta una historia. Se resignifican en el conjunto\u00bb.<\/p>\n<p>En este momento est\u00e1 en una etapa de juntar esos objetos y fotos para luego proseguir a ordenarlos y exponerlos. \u00abNuestra expectativa es que sea un museo digno de ser visitado, dentro de nuestros modestos medios. Una biblioteca popular no dispone de muchos fondos para vitrinas ni estanter\u00edas. Lo hacemos todo a pulm\u00f3n\u00bb.<\/p>\n<p>Y agreg\u00f3: \u00abPensamos estrategias para atraer gente a la biblioteca, la idea del museo es atractivo. Es la celebraci\u00f3n de los objetos que nos acompa\u00f1an y nos acompa\u00f1aron. Todo lo que hay en la isla implic\u00f3 un esfuerzo traerlo. Los objetos son lo que uno va llevando consigo\u00bb.<\/p>\n<h3>Una biblioteca activa en medio del delta del Paran\u00e1<\/h3>\n<p>Adem\u00e1s de la consolidaci\u00f3n del Museo, Gabriel repas\u00f3 algunas de las actividades que se desarrollan en y desde la Biblioteca. \u00abNuestro mayor trabajo es de extensi\u00f3n porque se hace dif\u00edcil llegar hasta la biblioteca: los medios de transporte, no tenemos surtidores de combustibles en la segunda secci\u00f3n. Cuando se usa la lancha es para algo muy espec\u00edfico. Por eso tenemos la propuesta de &#8216;Libros para viajar&#8217; en las lanchas escolares que son cajas con libros que vamos rotando para que los chicos, en sus largos viajes, puedan entretenerse con algo m\u00e1s que el celular o las cartas\u00bb.<\/p>\n<p>\u00abActualmente trabajamos en un proyecto que se llama &#8216;Bibliolanchas en red&#8217; que lo hacemos junto a una biblioteca de Chilo\u00e9 y otras de Colombia en el que pensamos editar un libro con historias y mitos de esos tres lugares. En estos momentos, en los tres pa\u00edses, brindamos talleres en las escuelas y juntamos material sobre esas historias que se cuentan en las familias. Esas leyendas que circulan. Al ser un tema misterioso los chicos enseguida quieren participar\u00bb, detall\u00f3 el bibliotecario.<\/p>\n<p>En cuanto a las actividades que se realizan en la Biblioteca Genoveva, Martino expres\u00f3: \u00abLos d\u00edas de m\u00e1s actividad en la biblioteca son los s\u00e1bados porque tenemos el taller de kayaks. Ahora sumamos un profe de f\u00fatbol. Termina funcionando como un mini club n\u00e1utico\u00bb.<\/p>\n<p>Quienes deseen colaborar con la construcci\u00f3n de este Museo Isle\u00f1o pueden comunicarse v\u00eda mail a bibliogenoveva@gmail.com o al celular 1141960946. Porque como resume Martino: \u00abLas bibliotecas populares se mantienen con el esfuerzo\u00bb.<\/p>\n","protected":false},"excerpt":{"rendered":"<p>Por Sabrina Garcia La Biblioteca Genoveva cumple 60 a\u00f1os y lo celebra con la creaci\u00f3n del &#8216;Museo Isle\u00f1o&#8217;. Para ello lanz\u00f3 una convocatoria a la comunidad en la que se<\/p>\n","protected":false},"author":3,"featured_media":39822,"comment_status":"open","ping_status":"open","sticky":false,"template":"","format":"standard","meta":{"footnotes":""},"categories":[86],"tags":[],"class_list":["post-39756","post","type-post","status-publish","format-standard","has-post-thumbnail","hentry","category-cultura-noticias"],"yoast_head":"<!-- This site is optimized with the Yoast SEO plugin v28.3 - https:\/\/yoast.com\/product\/yoast-seo-wordpress\/ -->\n<title>La Biblioteca Genoveva cumple 60 a\u00f1os y convoca a la comunidad a crear el museo isle\u00f1o - San Fernando Nuestro<\/title>\n<meta name=\"robots\" content=\"index, follow, max-snippet:-1, max-image-preview:large, max-video-preview:-1\" \/>\n<link rel=\"canonical\" href=\"https:\/\/www.sanfernandonuestro.com.ar\/wp\/la-biblioteca-genoveva-cumple-60-anos-y-convoca-a-la-comunidad-a-crear-el-museo-isleno\/\" \/>\n<meta property=\"og:locale\" content=\"es_ES\" \/>\n<meta property=\"og:type\" content=\"article\" \/>\n<meta property=\"og:title\" content=\"La Biblioteca Genoveva cumple 60 a\u00f1os y convoca a la comunidad a crear el museo isle\u00f1o - San Fernando Nuestro\" \/>\n<meta property=\"og:description\" content=\"Por Sabrina Garcia La Biblioteca Genoveva cumple 60 a\u00f1os y lo celebra con la creaci\u00f3n del &#8216;Museo Isle\u00f1o&#8217;. Para ello lanz\u00f3 una convocatoria a la comunidad en la que se\" \/>\n<meta property=\"og:url\" content=\"https:\/\/www.sanfernandonuestro.com.ar\/wp\/la-biblioteca-genoveva-cumple-60-anos-y-convoca-a-la-comunidad-a-crear-el-museo-isleno\/\" \/>\n<meta property=\"og:site_name\" content=\"San Fernando Nuestro\" \/>\n<meta property=\"article:publisher\" content=\"https:\/\/www.facebook.com\/SanFernandoNuestro\/\" \/>\n<meta property=\"article:author\" content=\"https:\/\/www.facebook.com\/sabrina.v.garcia\" \/>\n<meta property=\"article:published_time\" content=\"2018-05-15T03:04:51+00:00\" \/>\n<meta property=\"article:modified_time\" content=\"2018-05-15T03:25:57+00:00\" \/>\n<meta property=\"og:image\" content=\"https:\/\/www.sanfernandonuestro.com.ar\/wp\/wp-content\/uploads\/2018\/05\/WhatsApp-Image-2018-05-14-at-10.40.49.jpeg\" \/>\n\t<meta property=\"og:image:width\" content=\"1280\" \/>\n\t<meta property=\"og:image:height\" content=\"720\" \/>\n\t<meta property=\"og:image:type\" content=\"image\/jpeg\" \/>\n<meta name=\"author\" content=\"Sabrina Garcia\" \/>\n<meta name=\"twitter:card\" content=\"summary_large_image\" \/>\n<meta name=\"twitter:creator\" content=\"@https:\/\/twitter.com\/garciasabri?lang=es\" \/>\n<meta name=\"twitter:site\" content=\"@sfnuestro\" \/>\n<meta name=\"twitter:label1\" content=\"Escrito por\" \/>\n\t<meta name=\"twitter:data1\" content=\"Sabrina Garcia\" \/>\n\t<meta name=\"twitter:label2\" content=\"Tiempo de lectura\" \/>\n\t<meta name=\"twitter:data2\" content=\"4 minutos\" \/>\n<script type=\"application\/ld+json\" class=\"yoast-schema-graph\">{\"@context\":\"https:\\\/\\\/schema.org\",\"@graph\":[{\"@type\":\"Article\",\"@id\":\"https:\\\/\\\/www.sanfernandonuestro.com.ar\\\/wp\\\/la-biblioteca-genoveva-cumple-60-anos-y-convoca-a-la-comunidad-a-crear-el-museo-isleno\\\/#article\",\"isPartOf\":{\"@id\":\"https:\\\/\\\/www.sanfernandonuestro.com.ar\\\/wp\\\/la-biblioteca-genoveva-cumple-60-anos-y-convoca-a-la-comunidad-a-crear-el-museo-isleno\\\/\"},\"author\":{\"name\":\"Sabrina Garcia\",\"@id\":\"https:\\\/\\\/www.sanfernandonuestro.com.ar\\\/wp\\\/#\\\/schema\\\/person\\\/b42a4d7cb7767aa65f3c9bb2861fcbe7\"},\"headline\":\"La Biblioteca Genoveva cumple 60 a\u00f1os y convoca a la comunidad a crear el museo isle\u00f1o\",\"datePublished\":\"2018-05-15T03:04:51+00:00\",\"dateModified\":\"2018-05-15T03:25:57+00:00\",\"mainEntityOfPage\":{\"@id\":\"https:\\\/\\\/www.sanfernandonuestro.com.ar\\\/wp\\\/la-biblioteca-genoveva-cumple-60-anos-y-convoca-a-la-comunidad-a-crear-el-museo-isleno\\\/\"},\"wordCount\":807,\"commentCount\":0,\"publisher\":{\"@id\":\"https:\\\/\\\/www.sanfernandonuestro.com.ar\\\/wp\\\/#organization\"},\"image\":{\"@id\":\"https:\\\/\\\/www.sanfernandonuestro.com.ar\\\/wp\\\/la-biblioteca-genoveva-cumple-60-anos-y-convoca-a-la-comunidad-a-crear-el-museo-isleno\\\/#primaryimage\"},\"thumbnailUrl\":\"https:\\\/\\\/www.sanfernandonuestro.com.ar\\\/wp\\\/wp-content\\\/uploads\\\/2018\\\/05\\\/WhatsApp-Image-2018-05-14-at-10.40.49.jpeg\",\"articleSection\":[\"CULTURA\"],\"inLanguage\":\"es\",\"potentialAction\":[{\"@type\":\"CommentAction\",\"name\":\"Comment\",\"target\":[\"https:\\\/\\\/www.sanfernandonuestro.com.ar\\\/wp\\\/la-biblioteca-genoveva-cumple-60-anos-y-convoca-a-la-comunidad-a-crear-el-museo-isleno\\\/#respond\"]}]},{\"@type\":\"WebPage\",\"@id\":\"https:\\\/\\\/www.sanfernandonuestro.com.ar\\\/wp\\\/la-biblioteca-genoveva-cumple-60-anos-y-convoca-a-la-comunidad-a-crear-el-museo-isleno\\\/\",\"url\":\"https:\\\/\\\/www.sanfernandonuestro.com.ar\\\/wp\\\/la-biblioteca-genoveva-cumple-60-anos-y-convoca-a-la-comunidad-a-crear-el-museo-isleno\\\/\",\"name\":\"La Biblioteca Genoveva cumple 60 a\u00f1os y convoca a la comunidad a crear el museo isle\u00f1o - San Fernando Nuestro\",\"isPartOf\":{\"@id\":\"https:\\\/\\\/www.sanfernandonuestro.com.ar\\\/wp\\\/#website\"},\"primaryImageOfPage\":{\"@id\":\"https:\\\/\\\/www.sanfernandonuestro.com.ar\\\/wp\\\/la-biblioteca-genoveva-cumple-60-anos-y-convoca-a-la-comunidad-a-crear-el-museo-isleno\\\/#primaryimage\"},\"image\":{\"@id\":\"https:\\\/\\\/www.sanfernandonuestro.com.ar\\\/wp\\\/la-biblioteca-genoveva-cumple-60-anos-y-convoca-a-la-comunidad-a-crear-el-museo-isleno\\\/#primaryimage\"},\"thumbnailUrl\":\"https:\\\/\\\/www.sanfernandonuestro.com.ar\\\/wp\\\/wp-content\\\/uploads\\\/2018\\\/05\\\/WhatsApp-Image-2018-05-14-at-10.40.49.jpeg\",\"datePublished\":\"2018-05-15T03:04:51+00:00\",\"dateModified\":\"2018-05-15T03:25:57+00:00\",\"breadcrumb\":{\"@id\":\"https:\\\/\\\/www.sanfernandonuestro.com.ar\\\/wp\\\/la-biblioteca-genoveva-cumple-60-anos-y-convoca-a-la-comunidad-a-crear-el-museo-isleno\\\/#breadcrumb\"},\"inLanguage\":\"es\",\"potentialAction\":[{\"@type\":\"ReadAction\",\"target\":[\"https:\\\/\\\/www.sanfernandonuestro.com.ar\\\/wp\\\/la-biblioteca-genoveva-cumple-60-anos-y-convoca-a-la-comunidad-a-crear-el-museo-isleno\\\/\"]}]},{\"@type\":\"ImageObject\",\"inLanguage\":\"es\",\"@id\":\"https:\\\/\\\/www.sanfernandonuestro.com.ar\\\/wp\\\/la-biblioteca-genoveva-cumple-60-anos-y-convoca-a-la-comunidad-a-crear-el-museo-isleno\\\/#primaryimage\",\"url\":\"https:\\\/\\\/www.sanfernandonuestro.com.ar\\\/wp\\\/wp-content\\\/uploads\\\/2018\\\/05\\\/WhatsApp-Image-2018-05-14-at-10.40.49.jpeg\",\"contentUrl\":\"https:\\\/\\\/www.sanfernandonuestro.com.ar\\\/wp\\\/wp-content\\\/uploads\\\/2018\\\/05\\\/WhatsApp-Image-2018-05-14-at-10.40.49.jpeg\",\"width\":1280,\"height\":720},{\"@type\":\"BreadcrumbList\",\"@id\":\"https:\\\/\\\/www.sanfernandonuestro.com.ar\\\/wp\\\/la-biblioteca-genoveva-cumple-60-anos-y-convoca-a-la-comunidad-a-crear-el-museo-isleno\\\/#breadcrumb\",\"itemListElement\":[{\"@type\":\"ListItem\",\"position\":1,\"name\":\"Portada\",\"item\":\"https:\\\/\\\/www.sanfernandonuestro.com.ar\\\/wp\\\/\"},{\"@type\":\"ListItem\",\"position\":2,\"name\":\"La Biblioteca Genoveva cumple 60 a\u00f1os y convoca a la comunidad a crear el museo isle\u00f1o\"}]},{\"@type\":\"WebSite\",\"@id\":\"https:\\\/\\\/www.sanfernandonuestro.com.ar\\\/wp\\\/#website\",\"url\":\"https:\\\/\\\/www.sanfernandonuestro.com.ar\\\/wp\\\/\",\"name\":\"San Fernando Nuestro\",\"description\":\"Un Lugar de Encuentro\",\"publisher\":{\"@id\":\"https:\\\/\\\/www.sanfernandonuestro.com.ar\\\/wp\\\/#organization\"},\"potentialAction\":[{\"@type\":\"SearchAction\",\"target\":{\"@type\":\"EntryPoint\",\"urlTemplate\":\"https:\\\/\\\/www.sanfernandonuestro.com.ar\\\/wp\\\/?s={search_term_string}\"},\"query-input\":{\"@type\":\"PropertyValueSpecification\",\"valueRequired\":true,\"valueName\":\"search_term_string\"}}],\"inLanguage\":\"es\"},{\"@type\":\"Organization\",\"@id\":\"https:\\\/\\\/www.sanfernandonuestro.com.ar\\\/wp\\\/#organization\",\"name\":\"San Fernando Nuestro\",\"url\":\"https:\\\/\\\/www.sanfernandonuestro.com.ar\\\/wp\\\/\",\"logo\":{\"@type\":\"ImageObject\",\"inLanguage\":\"es\",\"@id\":\"https:\\\/\\\/www.sanfernandonuestro.com.ar\\\/wp\\\/#\\\/schema\\\/logo\\\/image\\\/\",\"url\":\"https:\\\/\\\/www.sanfernandonuestro.com.ar\\\/wp\\\/wp-content\\\/uploads\\\/2026\\\/07\\\/sfn-marca.png\",\"contentUrl\":\"https:\\\/\\\/www.sanfernandonuestro.com.ar\\\/wp\\\/wp-content\\\/uploads\\\/2026\\\/07\\\/sfn-marca.png\",\"width\":390,\"height\":116,\"caption\":\"San Fernando Nuestro\"},\"image\":{\"@id\":\"https:\\\/\\\/www.sanfernandonuestro.com.ar\\\/wp\\\/#\\\/schema\\\/logo\\\/image\\\/\"},\"sameAs\":[\"https:\\\/\\\/www.facebook.com\\\/SanFernandoNuestro\\\/\",\"https:\\\/\\\/x.com\\\/sfnuestro\"]},{\"@type\":\"Person\",\"@id\":\"https:\\\/\\\/www.sanfernandonuestro.com.ar\\\/wp\\\/#\\\/schema\\\/person\\\/b42a4d7cb7767aa65f3c9bb2861fcbe7\",\"name\":\"Sabrina Garcia\",\"image\":{\"@type\":\"ImageObject\",\"inLanguage\":\"es\",\"@id\":\"https:\\\/\\\/secure.gravatar.com\\\/avatar\\\/635861e691b92a500308c1d7346bf695f797b11664daf3c231692c62a64f23fb?s=96&d=mm&r=g\",\"url\":\"https:\\\/\\\/secure.gravatar.com\\\/avatar\\\/635861e691b92a500308c1d7346bf695f797b11664daf3c231692c62a64f23fb?s=96&d=mm&r=g\",\"contentUrl\":\"https:\\\/\\\/secure.gravatar.com\\\/avatar\\\/635861e691b92a500308c1d7346bf695f797b11664daf3c231692c62a64f23fb?s=96&d=mm&r=g\",\"caption\":\"Sabrina Garcia\"},\"sameAs\":[\"https:\\\/\\\/www.facebook.com\\\/sabrina.v.garcia\",\"sgarcia\",\"https:\\\/\\\/x.com\\\/https:\\\/\\\/twitter.com\\\/garciasabri?lang=es\",\"https:\\\/\\\/www.youtube.com\\\/user\\\/garciasabri\"],\"url\":\"https:\\\/\\\/www.sanfernandonuestro.com.ar\\\/wp\\\/author\\\/sgarcia\\\/\"}]}<\/script>\n<!-- \/ Yoast SEO plugin. -->","yoast_head_json":{"title":"La Biblioteca Genoveva cumple 60 a\u00f1os y convoca a la comunidad a crear el museo isle\u00f1o - San Fernando Nuestro","robots":{"index":"index","follow":"follow","max-snippet":"max-snippet:-1","max-image-preview":"max-image-preview:large","max-video-preview":"max-video-preview:-1"},"canonical":"https:\/\/www.sanfernandonuestro.com.ar\/wp\/la-biblioteca-genoveva-cumple-60-anos-y-convoca-a-la-comunidad-a-crear-el-museo-isleno\/","og_locale":"es_ES","og_type":"article","og_title":"La Biblioteca Genoveva cumple 60 a\u00f1os y convoca a la comunidad a crear el museo isle\u00f1o - San Fernando Nuestro","og_description":"Por Sabrina Garcia La Biblioteca Genoveva cumple 60 a\u00f1os y lo celebra con la creaci\u00f3n del &#8216;Museo Isle\u00f1o&#8217;. Para ello lanz\u00f3 una convocatoria a la comunidad en la que se","og_url":"https:\/\/www.sanfernandonuestro.com.ar\/wp\/la-biblioteca-genoveva-cumple-60-anos-y-convoca-a-la-comunidad-a-crear-el-museo-isleno\/","og_site_name":"San Fernando Nuestro","article_publisher":"https:\/\/www.facebook.com\/SanFernandoNuestro\/","article_author":"https:\/\/www.facebook.com\/sabrina.v.garcia","article_published_time":"2018-05-15T03:04:51+00:00","article_modified_time":"2018-05-15T03:25:57+00:00","og_image":[{"width":1280,"height":720,"url":"https:\/\/www.sanfernandonuestro.com.ar\/wp\/wp-content\/uploads\/2018\/05\/WhatsApp-Image-2018-05-14-at-10.40.49.jpeg","type":"image\/jpeg"}],"author":"Sabrina Garcia","twitter_card":"summary_large_image","twitter_creator":"@https:\/\/twitter.com\/garciasabri?lang=es","twitter_site":"@sfnuestro","twitter_misc":{"Escrito por":"Sabrina Garcia","Tiempo de lectura":"4 minutos"},"schema":{"@context":"https:\/\/schema.org","@graph":[{"@type":"Article","@id":"https:\/\/www.sanfernandonuestro.com.ar\/wp\/la-biblioteca-genoveva-cumple-60-anos-y-convoca-a-la-comunidad-a-crear-el-museo-isleno\/#article","isPartOf":{"@id":"https:\/\/www.sanfernandonuestro.com.ar\/wp\/la-biblioteca-genoveva-cumple-60-anos-y-convoca-a-la-comunidad-a-crear-el-museo-isleno\/"},"author":{"name":"Sabrina Garcia","@id":"https:\/\/www.sanfernandonuestro.com.ar\/wp\/#\/schema\/person\/b42a4d7cb7767aa65f3c9bb2861fcbe7"},"headline":"La Biblioteca Genoveva cumple 60 a\u00f1os y convoca a la comunidad a crear el museo isle\u00f1o","datePublished":"2018-05-15T03:04:51+00:00","dateModified":"2018-05-15T03:25:57+00:00","mainEntityOfPage":{"@id":"https:\/\/www.sanfernandonuestro.com.ar\/wp\/la-biblioteca-genoveva-cumple-60-anos-y-convoca-a-la-comunidad-a-crear-el-museo-isleno\/"},"wordCount":807,"commentCount":0,"publisher":{"@id":"https:\/\/www.sanfernandonuestro.com.ar\/wp\/#organization"},"image":{"@id":"https:\/\/www.sanfernandonuestro.com.ar\/wp\/la-biblioteca-genoveva-cumple-60-anos-y-convoca-a-la-comunidad-a-crear-el-museo-isleno\/#primaryimage"},"thumbnailUrl":"https:\/\/www.sanfernandonuestro.com.ar\/wp\/wp-content\/uploads\/2018\/05\/WhatsApp-Image-2018-05-14-at-10.40.49.jpeg","articleSection":["CULTURA"],"inLanguage":"es","potentialAction":[{"@type":"CommentAction","name":"Comment","target":["https:\/\/www.sanfernandonuestro.com.ar\/wp\/la-biblioteca-genoveva-cumple-60-anos-y-convoca-a-la-comunidad-a-crear-el-museo-isleno\/#respond"]}]},{"@type":"WebPage","@id":"https:\/\/www.sanfernandonuestro.com.ar\/wp\/la-biblioteca-genoveva-cumple-60-anos-y-convoca-a-la-comunidad-a-crear-el-museo-isleno\/","url":"https:\/\/www.sanfernandonuestro.com.ar\/wp\/la-biblioteca-genoveva-cumple-60-anos-y-convoca-a-la-comunidad-a-crear-el-museo-isleno\/","name":"La Biblioteca Genoveva cumple 60 a\u00f1os y convoca a la comunidad a crear el museo isle\u00f1o - San Fernando Nuestro","isPartOf":{"@id":"https:\/\/www.sanfernandonuestro.com.ar\/wp\/#website"},"primaryImageOfPage":{"@id":"https:\/\/www.sanfernandonuestro.com.ar\/wp\/la-biblioteca-genoveva-cumple-60-anos-y-convoca-a-la-comunidad-a-crear-el-museo-isleno\/#primaryimage"},"image":{"@id":"https:\/\/www.sanfernandonuestro.com.ar\/wp\/la-biblioteca-genoveva-cumple-60-anos-y-convoca-a-la-comunidad-a-crear-el-museo-isleno\/#primaryimage"},"thumbnailUrl":"https:\/\/www.sanfernandonuestro.com.ar\/wp\/wp-content\/uploads\/2018\/05\/WhatsApp-Image-2018-05-14-at-10.40.49.jpeg","datePublished":"2018-05-15T03:04:51+00:00","dateModified":"2018-05-15T03:25:57+00:00","breadcrumb":{"@id":"https:\/\/www.sanfernandonuestro.com.ar\/wp\/la-biblioteca-genoveva-cumple-60-anos-y-convoca-a-la-comunidad-a-crear-el-museo-isleno\/#breadcrumb"},"inLanguage":"es","potentialAction":[{"@type":"ReadAction","target":["https:\/\/www.sanfernandonuestro.com.ar\/wp\/la-biblioteca-genoveva-cumple-60-anos-y-convoca-a-la-comunidad-a-crear-el-museo-isleno\/"]}]},{"@type":"ImageObject","inLanguage":"es","@id":"https:\/\/www.sanfernandonuestro.com.ar\/wp\/la-biblioteca-genoveva-cumple-60-anos-y-convoca-a-la-comunidad-a-crear-el-museo-isleno\/#primaryimage","url":"https:\/\/www.sanfernandonuestro.com.ar\/wp\/wp-content\/uploads\/2018\/05\/WhatsApp-Image-2018-05-14-at-10.40.49.jpeg","contentUrl":"https:\/\/www.sanfernandonuestro.com.ar\/wp\/wp-content\/uploads\/2018\/05\/WhatsApp-Image-2018-05-14-at-10.40.49.jpeg","width":1280,"height":720},{"@type":"BreadcrumbList","@id":"https:\/\/www.sanfernandonuestro.com.ar\/wp\/la-biblioteca-genoveva-cumple-60-anos-y-convoca-a-la-comunidad-a-crear-el-museo-isleno\/#breadcrumb","itemListElement":[{"@type":"ListItem","position":1,"name":"Portada","item":"https:\/\/www.sanfernandonuestro.com.ar\/wp\/"},{"@type":"ListItem","position":2,"name":"La Biblioteca Genoveva cumple 60 a\u00f1os y convoca a la comunidad a crear el museo isle\u00f1o"}]},{"@type":"WebSite","@id":"https:\/\/www.sanfernandonuestro.com.ar\/wp\/#website","url":"https:\/\/www.sanfernandonuestro.com.ar\/wp\/","name":"San Fernando Nuestro","description":"Un Lugar de Encuentro","publisher":{"@id":"https:\/\/www.sanfernandonuestro.com.ar\/wp\/#organization"},"potentialAction":[{"@type":"SearchAction","target":{"@type":"EntryPoint","urlTemplate":"https:\/\/www.sanfernandonuestro.com.ar\/wp\/?s={search_term_string}"},"query-input":{"@type":"PropertyValueSpecification","valueRequired":true,"valueName":"search_term_string"}}],"inLanguage":"es"},{"@type":"Organization","@id":"https:\/\/www.sanfernandonuestro.com.ar\/wp\/#organization","name":"San Fernando Nuestro","url":"https:\/\/www.sanfernandonuestro.com.ar\/wp\/","logo":{"@type":"ImageObject","inLanguage":"es","@id":"https:\/\/www.sanfernandonuestro.com.ar\/wp\/#\/schema\/logo\/image\/","url":"https:\/\/www.sanfernandonuestro.com.ar\/wp\/wp-content\/uploads\/2026\/07\/sfn-marca.png","contentUrl":"https:\/\/www.sanfernandonuestro.com.ar\/wp\/wp-content\/uploads\/2026\/07\/sfn-marca.png","width":390,"height":116,"caption":"San Fernando Nuestro"},"image":{"@id":"https:\/\/www.sanfernandonuestro.com.ar\/wp\/#\/schema\/logo\/image\/"},"sameAs":["https:\/\/www.facebook.com\/SanFernandoNuestro\/","https:\/\/x.com\/sfnuestro"]},{"@type":"Person","@id":"https:\/\/www.sanfernandonuestro.com.ar\/wp\/#\/schema\/person\/b42a4d7cb7767aa65f3c9bb2861fcbe7","name":"Sabrina Garcia","image":{"@type":"ImageObject","inLanguage":"es","@id":"https:\/\/secure.gravatar.com\/avatar\/635861e691b92a500308c1d7346bf695f797b11664daf3c231692c62a64f23fb?s=96&d=mm&r=g","url":"https:\/\/secure.gravatar.com\/avatar\/635861e691b92a500308c1d7346bf695f797b11664daf3c231692c62a64f23fb?s=96&d=mm&r=g","contentUrl":"https:\/\/secure.gravatar.com\/avatar\/635861e691b92a500308c1d7346bf695f797b11664daf3c231692c62a64f23fb?s=96&d=mm&r=g","caption":"Sabrina Garcia"},"sameAs":["https:\/\/www.facebook.com\/sabrina.v.garcia","sgarcia","https:\/\/x.com\/https:\/\/twitter.com\/garciasabri?lang=es","https:\/\/www.youtube.com\/user\/garciasabri"],"url":"https:\/\/www.sanfernandonuestro.com.ar\/wp\/author\/sgarcia\/"}]}},"_links":{"self":[{"href":"https:\/\/www.sanfernandonuestro.com.ar\/wp\/wp-json\/wp\/v2\/posts\/39756","targetHints":{"allow":["GET"]}}],"collection":[{"href":"https:\/\/www.sanfernandonuestro.com.ar\/wp\/wp-json\/wp\/v2\/posts"}],"about":[{"href":"https:\/\/www.sanfernandonuestro.com.ar\/wp\/wp-json\/wp\/v2\/types\/post"}],"author":[{"embeddable":true,"href":"https:\/\/www.sanfernandonuestro.com.ar\/wp\/wp-json\/wp\/v2\/users\/3"}],"replies":[{"embeddable":true,"href":"https:\/\/www.sanfernandonuestro.com.ar\/wp\/wp-json\/wp\/v2\/comments?post=39756"}],"version-history":[{"count":0,"href":"https:\/\/www.sanfernandonuestro.com.ar\/wp\/wp-json\/wp\/v2\/posts\/39756\/revisions"}],"wp:featuredmedia":[{"embeddable":true,"href":"https:\/\/www.sanfernandonuestro.com.ar\/wp\/wp-json\/wp\/v2\/media\/39822"}],"wp:attachment":[{"href":"https:\/\/www.sanfernandonuestro.com.ar\/wp\/wp-json\/wp\/v2\/media?parent=39756"}],"wp:term":[{"taxonomy":"category","embeddable":true,"href":"https:\/\/www.sanfernandonuestro.com.ar\/wp\/wp-json\/wp\/v2\/categories?post=39756"},{"taxonomy":"post_tag","embeddable":true,"href":"https:\/\/www.sanfernandonuestro.com.ar\/wp\/wp-json\/wp\/v2\/tags?post=39756"}],"curies":[{"name":"wp","href":"https:\/\/api.w.org\/{rel}","templated":true}]}}