{"id":41413,"date":"2018-07-26T00:10:05","date_gmt":"2018-07-26T03:10:05","guid":{"rendered":"http:\/\/www.sanfernandonuestro.com.ar\/wp\/?p=41413"},"modified":"2018-07-25T22:41:44","modified_gmt":"2018-07-26T01:41:44","slug":"diversos-espectaculos-para-el-cierre-de-las-vacaciones-de-invierno-en-nuestra-ciudad","status":"publish","type":"post","link":"https:\/\/www.sanfernandonuestro.com.ar\/wp\/diversos-espectaculos-para-el-cierre-de-las-vacaciones-de-invierno-en-nuestra-ciudad\/","title":{"rendered":"Diversos espect\u00e1culos para el cierre de las vacaciones de invierno en nuestra ciudad"},"content":{"rendered":"<p><strong>Miles de vecinos disfrutan de las propuestas culturales familiares, con teatro infantil y cine en el Teatro Martinelli, el Concejo Deliberante, Centro Universitario Municipal y centros culturales de todo el distrito. El esperado cierre ser\u00e1 el s\u00e1bado 28 con el \u2018Gran Circo de las Maravillas\u2019 en el Museo de la Ciudad.<\/strong><\/p><div id=\"sanfe-2283804850\" class=\"sanfe-contenido sanfe-entity-placement\" style=\"margin-top: 1px;margin-right: 2px;\"><script async src=\"\/\/pagead2.googlesyndication.com\/pagead\/js\/adsbygoogle.js\"><\/script>\r\n<!-- anuncio -->\r\n<ins class=\"adsbygoogle\"\r\n     style=\"display:block\"\r\n     data-ad-client=\"ca-pub-6719099566820218\"\r\n     data-ad-slot=\"4258158415\"\r\n     data-ad-format=\"auto\"\r\n     data-full-width-responsive=\"true\"><\/ins>\r\n<script>\r\n(adsbygoogle = window.adsbygoogle || []).push({});\r\n<\/script><\/div><br style=\"clear: both; display: block; float: none;\"\/>\n<p><a href=\"http:\/\/www.sanfernandonuestro.com.ar\/wp\/wp-content\/uploads\/2018\/07\/5-Vacaciones-invierno.jpg\"><img loading=\"lazy\" decoding=\"async\" class=\"alignleft wp-image-41415 size-medium\" src=\"http:\/\/www.sanfernandonuestro.com.ar\/wp\/wp-content\/uploads\/2018\/07\/5-Vacaciones-invierno-300x205.jpg\" alt=\"5 Vacaciones invierno\" width=\"300\" height=\"205\" srcset=\"https:\/\/www.sanfernandonuestro.com.ar\/wp\/wp-content\/uploads\/2018\/07\/5-Vacaciones-invierno-300x205.jpg 300w, https:\/\/www.sanfernandonuestro.com.ar\/wp\/wp-content\/uploads\/2018\/07\/5-Vacaciones-invierno.jpg 1024w\" sizes=\"auto, (max-width: 300px) 100vw, 300px\" \/><\/a>Hasta el s\u00e1bado 28 de julio, el Municipio ofrece diversos espect\u00e1culos gratuitos en el marco de las vacaciones de invierno. Todos los d\u00edas hay funciones de teatro infantil y cine en el Teatro Martinelli, el Centro Universitario Municipal (CUM) y el Concejo Deliberante. Adem\u00e1s hay propuestas atractivas en los centros culturales. Para m\u00e1s informaci\u00f3n ingresar al siguiente link: <span style=\"color: #0000ff;\"><a href=\"https:\/\/www.sanfernando.gob.ar\/VacacionesDeInvierno2018\" target=\"_blank\"><span style=\"color: #0000ff;\">https:\/\/www.sanfernando.gob.ar\/vacacionesdeinvierno2018<\/span><\/a><\/span><\/p>\n<p>El diputado provincial Juan Andreotti, visit\u00f3 varios puntos de la oferta cultural y sostuvo: \u201cVenimos disfrutando de unas vacaciones de invierno muy lindas, ofreci\u00e9ndoles a los padres distintas actividades gratuitas para los m\u00e1s chicos. Considerando la situaci\u00f3n econ\u00f3mica que est\u00e1 atravesando el pa\u00eds, hoy tenemos el orgullo de ofrecerles a los vecinos diferentes actividades culturales en el Teatro Martinelli, Polideportivo N\u00ba 6, CUM,\u00a0Concejo Deliberante y en todos los centros culturales del distrito. Tambi\u00e9n ofrecemos ciclos de cine, se trata de espect\u00e1culos muy lindos para disfrutar en familia con dos funciones diarias en cada establecimiento\u201d.<\/p>\n<p>\u201cInvitamos a todos los sanfernandinos a disfrutar con sus hijos estas vacaciones de invierno y los esperamos para el gran cierre este s\u00e1bado a las 18 con el Gran Circo de las Maravillas\u201d, agreg\u00f3 el funcionario.<\/p>\n<p>En cuanto a los asistentes, Mar\u00eda, que concurri\u00f3 con su nieta al Concejo Deliberante, opin\u00f3: \u201cMe encantan las actividades, la realidad es que no hay plata y no se puede gastar tanto con los chicos en vacaciones. Gracias a la Municipalidad los tenemos gratis, es hermoso y la gente que trabaja lo hace con mucho amor\u201d.<\/p>\n<p>Carlos, junto a sus hijos, agreg\u00f3: \u201cEstamos muy contentos por San Fernando, organizar estas cosas para los chicos es ideal. Tenemos el programa con todas las actividades y seguramente ma\u00f1ana vamos a conocer el Teatro Martinelli Agradecemos al intendente Andreotti que es siempre muy atento con los vecinos\u201d.<\/p>\n<p>Jimena, vecina de Victoria, que fue con sus hijos al Teatro Martinelli, opin\u00f3: \u201cYa es el segundo a\u00f1o que venimos y las actividades est\u00e1n buen\u00edsimas. Por c\u00f3mo est\u00e1 la situaci\u00f3n en el pa\u00eds es importante que el Municipio haga estos espect\u00e1culos, tenemos muchas actividades para hacer en la semana\u201d.<\/p>\n<p>Y Karina, vecina de Virreyes que fue con su hija al teatro, concluy\u00f3: \u201cNos parecen b\u00e1rbaras las opciones que hay en todo San Fernando, en el primer d\u00eda de vacaciones salimos a ver una obra. Por suerte contamos con las actividades que nos brinda el Municipio y no salimos del distrito\u201d.<\/p>\n<p>Por su parte, los vecinos que asistieron a los espect\u00e1culos en el Poli \u00b06 tambi\u00e9n compartieron su opini\u00f3n. Por ejemplo, el vecino Daniel, coment\u00f3: \u201cTodos los a\u00f1os suelo venir, las actividades est\u00e1n buen\u00edsimas. Hay mucha gente que no puede sustentar las vacaciones por la situaci\u00f3n que atraviesa el pa\u00eds y me parece muy bien que se desarrollen estos espect\u00e1culos accesibles\u201d.<\/p>\n<p>\u201cEsta buena la idea para las vacaciones, me gusta que ofrezcan actividades gratuitas para todos los vecinos\u201d, agreg\u00f3 Mirta.<\/p>\n<p>El cierre de las dos semanas de vacaciones se realizar\u00e1 el s\u00e1bado 28 de julio a las 18 horas, en el Museo de la Ciudad (ubicado en Ituzaing\u00f3 1053), con la presentaci\u00f3n del \u00b4Gran Circo de las Maravillas\u00b4.<\/p>\n\t\t\n\t\t\t\t\t<div class=\"video-container\">\n\t\t\t\t\t\t<iframe loading=\"lazy\" width=\"820\" height=\"615\" src=\"http:\/\/www.youtube.com\/embed\/pMikkAlLECQ?rel=0\" frameborder=\"0\" allowfullscreen><\/iframe>\n\t\t\t\t\t<\/div>\n<p>Fuente: San Fernando Municipio<\/p>\n","protected":false},"excerpt":{"rendered":"<p>Miles de vecinos disfrutan de las propuestas culturales familiares, con teatro infantil y cine en el Teatro Martinelli, el Concejo Deliberante, Centro Universitario Municipal y centros culturales de todo el<\/p>\n","protected":false},"author":3,"featured_media":41414,"comment_status":"open","ping_status":"open","sticky":false,"template":"","format":"standard","meta":{"footnotes":""},"categories":[86],"tags":[],"class_list":["post-41413","post","type-post","status-publish","format-standard","has-post-thumbnail","hentry","category-cultura-noticias"],"yoast_head":"<!-- This site is optimized with the Yoast SEO plugin v28.3 - https:\/\/yoast.com\/product\/yoast-seo-wordpress\/ -->\n<title>Diversos espect\u00e1culos para el cierre de las vacaciones de invierno en nuestra ciudad - San Fernando Nuestro<\/title>\n<meta name=\"robots\" content=\"index, follow, max-snippet:-1, max-image-preview:large, max-video-preview:-1\" \/>\n<link rel=\"canonical\" href=\"https:\/\/www.sanfernandonuestro.com.ar\/wp\/diversos-espectaculos-para-el-cierre-de-las-vacaciones-de-invierno-en-nuestra-ciudad\/\" \/>\n<meta property=\"og:locale\" content=\"es_ES\" \/>\n<meta property=\"og:type\" content=\"article\" \/>\n<meta property=\"og:title\" content=\"Diversos espect\u00e1culos para el cierre de las vacaciones de invierno en nuestra ciudad - San Fernando Nuestro\" \/>\n<meta property=\"og:description\" content=\"Miles de vecinos disfrutan de las propuestas culturales familiares, con teatro infantil y cine en el Teatro Martinelli, el Concejo Deliberante, Centro Universitario Municipal y centros culturales de todo el\" \/>\n<meta property=\"og:url\" content=\"https:\/\/www.sanfernandonuestro.com.ar\/wp\/diversos-espectaculos-para-el-cierre-de-las-vacaciones-de-invierno-en-nuestra-ciudad\/\" \/>\n<meta property=\"og:site_name\" content=\"San Fernando Nuestro\" \/>\n<meta property=\"article:publisher\" content=\"https:\/\/www.facebook.com\/SanFernandoNuestro\/\" \/>\n<meta property=\"article:author\" content=\"https:\/\/www.facebook.com\/sabrina.v.garcia\" \/>\n<meta property=\"article:published_time\" content=\"2018-07-26T03:10:05+00:00\" \/>\n<meta property=\"og:image\" content=\"https:\/\/www.sanfernandonuestro.com.ar\/wp\/wp-content\/uploads\/2018\/07\/4-Vacaciones-invierno.jpg\" \/>\n\t<meta property=\"og:image:width\" content=\"1024\" \/>\n\t<meta property=\"og:image:height\" content=\"682\" \/>\n\t<meta property=\"og:image:type\" content=\"image\/jpeg\" \/>\n<meta name=\"author\" content=\"Sabrina Garcia\" \/>\n<meta name=\"twitter:card\" content=\"summary_large_image\" \/>\n<meta name=\"twitter:creator\" content=\"@https:\/\/twitter.com\/garciasabri?lang=es\" \/>\n<meta name=\"twitter:site\" content=\"@sfnuestro\" \/>\n<meta name=\"twitter:label1\" content=\"Escrito por\" \/>\n\t<meta name=\"twitter:data1\" content=\"Sabrina Garcia\" \/>\n\t<meta name=\"twitter:label2\" content=\"Tiempo de lectura\" \/>\n\t<meta name=\"twitter:data2\" content=\"3 minutos\" \/>\n<script type=\"application\/ld+json\" class=\"yoast-schema-graph\">{\"@context\":\"https:\\\/\\\/schema.org\",\"@graph\":[{\"@type\":\"Article\",\"@id\":\"https:\\\/\\\/www.sanfernandonuestro.com.ar\\\/wp\\\/diversos-espectaculos-para-el-cierre-de-las-vacaciones-de-invierno-en-nuestra-ciudad\\\/#article\",\"isPartOf\":{\"@id\":\"https:\\\/\\\/www.sanfernandonuestro.com.ar\\\/wp\\\/diversos-espectaculos-para-el-cierre-de-las-vacaciones-de-invierno-en-nuestra-ciudad\\\/\"},\"author\":{\"name\":\"Sabrina Garcia\",\"@id\":\"https:\\\/\\\/www.sanfernandonuestro.com.ar\\\/wp\\\/#\\\/schema\\\/person\\\/b42a4d7cb7767aa65f3c9bb2861fcbe7\"},\"headline\":\"Diversos espect\u00e1culos para el cierre de las vacaciones de invierno en nuestra ciudad\",\"datePublished\":\"2018-07-26T03:10:05+00:00\",\"mainEntityOfPage\":{\"@id\":\"https:\\\/\\\/www.sanfernandonuestro.com.ar\\\/wp\\\/diversos-espectaculos-para-el-cierre-de-las-vacaciones-de-invierno-en-nuestra-ciudad\\\/\"},\"wordCount\":622,\"commentCount\":0,\"publisher\":{\"@id\":\"https:\\\/\\\/www.sanfernandonuestro.com.ar\\\/wp\\\/#organization\"},\"image\":{\"@id\":\"https:\\\/\\\/www.sanfernandonuestro.com.ar\\\/wp\\\/diversos-espectaculos-para-el-cierre-de-las-vacaciones-de-invierno-en-nuestra-ciudad\\\/#primaryimage\"},\"thumbnailUrl\":\"https:\\\/\\\/www.sanfernandonuestro.com.ar\\\/wp\\\/wp-content\\\/uploads\\\/2018\\\/07\\\/4-Vacaciones-invierno.jpg\",\"articleSection\":[\"CULTURA\"],\"inLanguage\":\"es\",\"potentialAction\":[{\"@type\":\"CommentAction\",\"name\":\"Comment\",\"target\":[\"https:\\\/\\\/www.sanfernandonuestro.com.ar\\\/wp\\\/diversos-espectaculos-para-el-cierre-de-las-vacaciones-de-invierno-en-nuestra-ciudad\\\/#respond\"]}]},{\"@type\":\"WebPage\",\"@id\":\"https:\\\/\\\/www.sanfernandonuestro.com.ar\\\/wp\\\/diversos-espectaculos-para-el-cierre-de-las-vacaciones-de-invierno-en-nuestra-ciudad\\\/\",\"url\":\"https:\\\/\\\/www.sanfernandonuestro.com.ar\\\/wp\\\/diversos-espectaculos-para-el-cierre-de-las-vacaciones-de-invierno-en-nuestra-ciudad\\\/\",\"name\":\"Diversos espect\u00e1culos para el cierre de las vacaciones de invierno en nuestra ciudad - San Fernando Nuestro\",\"isPartOf\":{\"@id\":\"https:\\\/\\\/www.sanfernandonuestro.com.ar\\\/wp\\\/#website\"},\"primaryImageOfPage\":{\"@id\":\"https:\\\/\\\/www.sanfernandonuestro.com.ar\\\/wp\\\/diversos-espectaculos-para-el-cierre-de-las-vacaciones-de-invierno-en-nuestra-ciudad\\\/#primaryimage\"},\"image\":{\"@id\":\"https:\\\/\\\/www.sanfernandonuestro.com.ar\\\/wp\\\/diversos-espectaculos-para-el-cierre-de-las-vacaciones-de-invierno-en-nuestra-ciudad\\\/#primaryimage\"},\"thumbnailUrl\":\"https:\\\/\\\/www.sanfernandonuestro.com.ar\\\/wp\\\/wp-content\\\/uploads\\\/2018\\\/07\\\/4-Vacaciones-invierno.jpg\",\"datePublished\":\"2018-07-26T03:10:05+00:00\",\"breadcrumb\":{\"@id\":\"https:\\\/\\\/www.sanfernandonuestro.com.ar\\\/wp\\\/diversos-espectaculos-para-el-cierre-de-las-vacaciones-de-invierno-en-nuestra-ciudad\\\/#breadcrumb\"},\"inLanguage\":\"es\",\"potentialAction\":[{\"@type\":\"ReadAction\",\"target\":[\"https:\\\/\\\/www.sanfernandonuestro.com.ar\\\/wp\\\/diversos-espectaculos-para-el-cierre-de-las-vacaciones-de-invierno-en-nuestra-ciudad\\\/\"]}]},{\"@type\":\"ImageObject\",\"inLanguage\":\"es\",\"@id\":\"https:\\\/\\\/www.sanfernandonuestro.com.ar\\\/wp\\\/diversos-espectaculos-para-el-cierre-de-las-vacaciones-de-invierno-en-nuestra-ciudad\\\/#primaryimage\",\"url\":\"https:\\\/\\\/www.sanfernandonuestro.com.ar\\\/wp\\\/wp-content\\\/uploads\\\/2018\\\/07\\\/4-Vacaciones-invierno.jpg\",\"contentUrl\":\"https:\\\/\\\/www.sanfernandonuestro.com.ar\\\/wp\\\/wp-content\\\/uploads\\\/2018\\\/07\\\/4-Vacaciones-invierno.jpg\",\"width\":1024,\"height\":682},{\"@type\":\"BreadcrumbList\",\"@id\":\"https:\\\/\\\/www.sanfernandonuestro.com.ar\\\/wp\\\/diversos-espectaculos-para-el-cierre-de-las-vacaciones-de-invierno-en-nuestra-ciudad\\\/#breadcrumb\",\"itemListElement\":[{\"@type\":\"ListItem\",\"position\":1,\"name\":\"Portada\",\"item\":\"https:\\\/\\\/www.sanfernandonuestro.com.ar\\\/wp\\\/\"},{\"@type\":\"ListItem\",\"position\":2,\"name\":\"Diversos espect\u00e1culos para el cierre de las vacaciones de invierno en nuestra ciudad\"}]},{\"@type\":\"WebSite\",\"@id\":\"https:\\\/\\\/www.sanfernandonuestro.com.ar\\\/wp\\\/#website\",\"url\":\"https:\\\/\\\/www.sanfernandonuestro.com.ar\\\/wp\\\/\",\"name\":\"San Fernando Nuestro\",\"description\":\"Un Lugar de Encuentro\",\"publisher\":{\"@id\":\"https:\\\/\\\/www.sanfernandonuestro.com.ar\\\/wp\\\/#organization\"},\"potentialAction\":[{\"@type\":\"SearchAction\",\"target\":{\"@type\":\"EntryPoint\",\"urlTemplate\":\"https:\\\/\\\/www.sanfernandonuestro.com.ar\\\/wp\\\/?s={search_term_string}\"},\"query-input\":{\"@type\":\"PropertyValueSpecification\",\"valueRequired\":true,\"valueName\":\"search_term_string\"}}],\"inLanguage\":\"es\"},{\"@type\":\"Organization\",\"@id\":\"https:\\\/\\\/www.sanfernandonuestro.com.ar\\\/wp\\\/#organization\",\"name\":\"San Fernando Nuestro\",\"url\":\"https:\\\/\\\/www.sanfernandonuestro.com.ar\\\/wp\\\/\",\"logo\":{\"@type\":\"ImageObject\",\"inLanguage\":\"es\",\"@id\":\"https:\\\/\\\/www.sanfernandonuestro.com.ar\\\/wp\\\/#\\\/schema\\\/logo\\\/image\\\/\",\"url\":\"https:\\\/\\\/www.sanfernandonuestro.com.ar\\\/wp\\\/wp-content\\\/uploads\\\/2026\\\/07\\\/sfn-marca.png\",\"contentUrl\":\"https:\\\/\\\/www.sanfernandonuestro.com.ar\\\/wp\\\/wp-content\\\/uploads\\\/2026\\\/07\\\/sfn-marca.png\",\"width\":390,\"height\":116,\"caption\":\"San Fernando Nuestro\"},\"image\":{\"@id\":\"https:\\\/\\\/www.sanfernandonuestro.com.ar\\\/wp\\\/#\\\/schema\\\/logo\\\/image\\\/\"},\"sameAs\":[\"https:\\\/\\\/www.facebook.com\\\/SanFernandoNuestro\\\/\",\"https:\\\/\\\/x.com\\\/sfnuestro\"]},{\"@type\":\"Person\",\"@id\":\"https:\\\/\\\/www.sanfernandonuestro.com.ar\\\/wp\\\/#\\\/schema\\\/person\\\/b42a4d7cb7767aa65f3c9bb2861fcbe7\",\"name\":\"Sabrina Garcia\",\"image\":{\"@type\":\"ImageObject\",\"inLanguage\":\"es\",\"@id\":\"https:\\\/\\\/secure.gravatar.com\\\/avatar\\\/635861e691b92a500308c1d7346bf695f797b11664daf3c231692c62a64f23fb?s=96&d=mm&r=g\",\"url\":\"https:\\\/\\\/secure.gravatar.com\\\/avatar\\\/635861e691b92a500308c1d7346bf695f797b11664daf3c231692c62a64f23fb?s=96&d=mm&r=g\",\"contentUrl\":\"https:\\\/\\\/secure.gravatar.com\\\/avatar\\\/635861e691b92a500308c1d7346bf695f797b11664daf3c231692c62a64f23fb?s=96&d=mm&r=g\",\"caption\":\"Sabrina Garcia\"},\"sameAs\":[\"https:\\\/\\\/www.facebook.com\\\/sabrina.v.garcia\",\"sgarcia\",\"https:\\\/\\\/x.com\\\/https:\\\/\\\/twitter.com\\\/garciasabri?lang=es\",\"https:\\\/\\\/www.youtube.com\\\/user\\\/garciasabri\"],\"url\":\"https:\\\/\\\/www.sanfernandonuestro.com.ar\\\/wp\\\/author\\\/sgarcia\\\/\"}]}<\/script>\n<!-- \/ Yoast SEO plugin. -->","yoast_head_json":{"title":"Diversos espect\u00e1culos para el cierre de las vacaciones de invierno en nuestra ciudad - San Fernando Nuestro","robots":{"index":"index","follow":"follow","max-snippet":"max-snippet:-1","max-image-preview":"max-image-preview:large","max-video-preview":"max-video-preview:-1"},"canonical":"https:\/\/www.sanfernandonuestro.com.ar\/wp\/diversos-espectaculos-para-el-cierre-de-las-vacaciones-de-invierno-en-nuestra-ciudad\/","og_locale":"es_ES","og_type":"article","og_title":"Diversos espect\u00e1culos para el cierre de las vacaciones de invierno en nuestra ciudad - San Fernando Nuestro","og_description":"Miles de vecinos disfrutan de las propuestas culturales familiares, con teatro infantil y cine en el Teatro Martinelli, el Concejo Deliberante, Centro Universitario Municipal y centros culturales de todo el","og_url":"https:\/\/www.sanfernandonuestro.com.ar\/wp\/diversos-espectaculos-para-el-cierre-de-las-vacaciones-de-invierno-en-nuestra-ciudad\/","og_site_name":"San Fernando Nuestro","article_publisher":"https:\/\/www.facebook.com\/SanFernandoNuestro\/","article_author":"https:\/\/www.facebook.com\/sabrina.v.garcia","article_published_time":"2018-07-26T03:10:05+00:00","og_image":[{"width":1024,"height":682,"url":"https:\/\/www.sanfernandonuestro.com.ar\/wp\/wp-content\/uploads\/2018\/07\/4-Vacaciones-invierno.jpg","type":"image\/jpeg"}],"author":"Sabrina Garcia","twitter_card":"summary_large_image","twitter_creator":"@https:\/\/twitter.com\/garciasabri?lang=es","twitter_site":"@sfnuestro","twitter_misc":{"Escrito por":"Sabrina Garcia","Tiempo de lectura":"3 minutos"},"schema":{"@context":"https:\/\/schema.org","@graph":[{"@type":"Article","@id":"https:\/\/www.sanfernandonuestro.com.ar\/wp\/diversos-espectaculos-para-el-cierre-de-las-vacaciones-de-invierno-en-nuestra-ciudad\/#article","isPartOf":{"@id":"https:\/\/www.sanfernandonuestro.com.ar\/wp\/diversos-espectaculos-para-el-cierre-de-las-vacaciones-de-invierno-en-nuestra-ciudad\/"},"author":{"name":"Sabrina Garcia","@id":"https:\/\/www.sanfernandonuestro.com.ar\/wp\/#\/schema\/person\/b42a4d7cb7767aa65f3c9bb2861fcbe7"},"headline":"Diversos espect\u00e1culos para el cierre de las vacaciones de invierno en nuestra ciudad","datePublished":"2018-07-26T03:10:05+00:00","mainEntityOfPage":{"@id":"https:\/\/www.sanfernandonuestro.com.ar\/wp\/diversos-espectaculos-para-el-cierre-de-las-vacaciones-de-invierno-en-nuestra-ciudad\/"},"wordCount":622,"commentCount":0,"publisher":{"@id":"https:\/\/www.sanfernandonuestro.com.ar\/wp\/#organization"},"image":{"@id":"https:\/\/www.sanfernandonuestro.com.ar\/wp\/diversos-espectaculos-para-el-cierre-de-las-vacaciones-de-invierno-en-nuestra-ciudad\/#primaryimage"},"thumbnailUrl":"https:\/\/www.sanfernandonuestro.com.ar\/wp\/wp-content\/uploads\/2018\/07\/4-Vacaciones-invierno.jpg","articleSection":["CULTURA"],"inLanguage":"es","potentialAction":[{"@type":"CommentAction","name":"Comment","target":["https:\/\/www.sanfernandonuestro.com.ar\/wp\/diversos-espectaculos-para-el-cierre-de-las-vacaciones-de-invierno-en-nuestra-ciudad\/#respond"]}]},{"@type":"WebPage","@id":"https:\/\/www.sanfernandonuestro.com.ar\/wp\/diversos-espectaculos-para-el-cierre-de-las-vacaciones-de-invierno-en-nuestra-ciudad\/","url":"https:\/\/www.sanfernandonuestro.com.ar\/wp\/diversos-espectaculos-para-el-cierre-de-las-vacaciones-de-invierno-en-nuestra-ciudad\/","name":"Diversos espect\u00e1culos para el cierre de las vacaciones de invierno en nuestra ciudad - San Fernando Nuestro","isPartOf":{"@id":"https:\/\/www.sanfernandonuestro.com.ar\/wp\/#website"},"primaryImageOfPage":{"@id":"https:\/\/www.sanfernandonuestro.com.ar\/wp\/diversos-espectaculos-para-el-cierre-de-las-vacaciones-de-invierno-en-nuestra-ciudad\/#primaryimage"},"image":{"@id":"https:\/\/www.sanfernandonuestro.com.ar\/wp\/diversos-espectaculos-para-el-cierre-de-las-vacaciones-de-invierno-en-nuestra-ciudad\/#primaryimage"},"thumbnailUrl":"https:\/\/www.sanfernandonuestro.com.ar\/wp\/wp-content\/uploads\/2018\/07\/4-Vacaciones-invierno.jpg","datePublished":"2018-07-26T03:10:05+00:00","breadcrumb":{"@id":"https:\/\/www.sanfernandonuestro.com.ar\/wp\/diversos-espectaculos-para-el-cierre-de-las-vacaciones-de-invierno-en-nuestra-ciudad\/#breadcrumb"},"inLanguage":"es","potentialAction":[{"@type":"ReadAction","target":["https:\/\/www.sanfernandonuestro.com.ar\/wp\/diversos-espectaculos-para-el-cierre-de-las-vacaciones-de-invierno-en-nuestra-ciudad\/"]}]},{"@type":"ImageObject","inLanguage":"es","@id":"https:\/\/www.sanfernandonuestro.com.ar\/wp\/diversos-espectaculos-para-el-cierre-de-las-vacaciones-de-invierno-en-nuestra-ciudad\/#primaryimage","url":"https:\/\/www.sanfernandonuestro.com.ar\/wp\/wp-content\/uploads\/2018\/07\/4-Vacaciones-invierno.jpg","contentUrl":"https:\/\/www.sanfernandonuestro.com.ar\/wp\/wp-content\/uploads\/2018\/07\/4-Vacaciones-invierno.jpg","width":1024,"height":682},{"@type":"BreadcrumbList","@id":"https:\/\/www.sanfernandonuestro.com.ar\/wp\/diversos-espectaculos-para-el-cierre-de-las-vacaciones-de-invierno-en-nuestra-ciudad\/#breadcrumb","itemListElement":[{"@type":"ListItem","position":1,"name":"Portada","item":"https:\/\/www.sanfernandonuestro.com.ar\/wp\/"},{"@type":"ListItem","position":2,"name":"Diversos espect\u00e1culos para el cierre de las vacaciones de invierno en nuestra ciudad"}]},{"@type":"WebSite","@id":"https:\/\/www.sanfernandonuestro.com.ar\/wp\/#website","url":"https:\/\/www.sanfernandonuestro.com.ar\/wp\/","name":"San Fernando Nuestro","description":"Un Lugar de Encuentro","publisher":{"@id":"https:\/\/www.sanfernandonuestro.com.ar\/wp\/#organization"},"potentialAction":[{"@type":"SearchAction","target":{"@type":"EntryPoint","urlTemplate":"https:\/\/www.sanfernandonuestro.com.ar\/wp\/?s={search_term_string}"},"query-input":{"@type":"PropertyValueSpecification","valueRequired":true,"valueName":"search_term_string"}}],"inLanguage":"es"},{"@type":"Organization","@id":"https:\/\/www.sanfernandonuestro.com.ar\/wp\/#organization","name":"San Fernando Nuestro","url":"https:\/\/www.sanfernandonuestro.com.ar\/wp\/","logo":{"@type":"ImageObject","inLanguage":"es","@id":"https:\/\/www.sanfernandonuestro.com.ar\/wp\/#\/schema\/logo\/image\/","url":"https:\/\/www.sanfernandonuestro.com.ar\/wp\/wp-content\/uploads\/2026\/07\/sfn-marca.png","contentUrl":"https:\/\/www.sanfernandonuestro.com.ar\/wp\/wp-content\/uploads\/2026\/07\/sfn-marca.png","width":390,"height":116,"caption":"San Fernando Nuestro"},"image":{"@id":"https:\/\/www.sanfernandonuestro.com.ar\/wp\/#\/schema\/logo\/image\/"},"sameAs":["https:\/\/www.facebook.com\/SanFernandoNuestro\/","https:\/\/x.com\/sfnuestro"]},{"@type":"Person","@id":"https:\/\/www.sanfernandonuestro.com.ar\/wp\/#\/schema\/person\/b42a4d7cb7767aa65f3c9bb2861fcbe7","name":"Sabrina Garcia","image":{"@type":"ImageObject","inLanguage":"es","@id":"https:\/\/secure.gravatar.com\/avatar\/635861e691b92a500308c1d7346bf695f797b11664daf3c231692c62a64f23fb?s=96&d=mm&r=g","url":"https:\/\/secure.gravatar.com\/avatar\/635861e691b92a500308c1d7346bf695f797b11664daf3c231692c62a64f23fb?s=96&d=mm&r=g","contentUrl":"https:\/\/secure.gravatar.com\/avatar\/635861e691b92a500308c1d7346bf695f797b11664daf3c231692c62a64f23fb?s=96&d=mm&r=g","caption":"Sabrina Garcia"},"sameAs":["https:\/\/www.facebook.com\/sabrina.v.garcia","sgarcia","https:\/\/x.com\/https:\/\/twitter.com\/garciasabri?lang=es","https:\/\/www.youtube.com\/user\/garciasabri"],"url":"https:\/\/www.sanfernandonuestro.com.ar\/wp\/author\/sgarcia\/"}]}},"_links":{"self":[{"href":"https:\/\/www.sanfernandonuestro.com.ar\/wp\/wp-json\/wp\/v2\/posts\/41413","targetHints":{"allow":["GET"]}}],"collection":[{"href":"https:\/\/www.sanfernandonuestro.com.ar\/wp\/wp-json\/wp\/v2\/posts"}],"about":[{"href":"https:\/\/www.sanfernandonuestro.com.ar\/wp\/wp-json\/wp\/v2\/types\/post"}],"author":[{"embeddable":true,"href":"https:\/\/www.sanfernandonuestro.com.ar\/wp\/wp-json\/wp\/v2\/users\/3"}],"replies":[{"embeddable":true,"href":"https:\/\/www.sanfernandonuestro.com.ar\/wp\/wp-json\/wp\/v2\/comments?post=41413"}],"version-history":[{"count":0,"href":"https:\/\/www.sanfernandonuestro.com.ar\/wp\/wp-json\/wp\/v2\/posts\/41413\/revisions"}],"wp:featuredmedia":[{"embeddable":true,"href":"https:\/\/www.sanfernandonuestro.com.ar\/wp\/wp-json\/wp\/v2\/media\/41414"}],"wp:attachment":[{"href":"https:\/\/www.sanfernandonuestro.com.ar\/wp\/wp-json\/wp\/v2\/media?parent=41413"}],"wp:term":[{"taxonomy":"category","embeddable":true,"href":"https:\/\/www.sanfernandonuestro.com.ar\/wp\/wp-json\/wp\/v2\/categories?post=41413"},{"taxonomy":"post_tag","embeddable":true,"href":"https:\/\/www.sanfernandonuestro.com.ar\/wp\/wp-json\/wp\/v2\/tags?post=41413"}],"curies":[{"name":"wp","href":"https:\/\/api.w.org\/{rel}","templated":true}]}}