{"id":52474,"date":"2020-03-09T00:42:42","date_gmt":"2020-03-09T03:42:42","guid":{"rendered":"https:\/\/www.sanfernandonuestro.com.ar\/wp\/?p=52474"},"modified":"2020-03-09T00:42:42","modified_gmt":"2020-03-09T03:42:42","slug":"daniel-salvador-tenemos-un-radicalismo-que-se-anima-y-es-protagonista-en-juntos-por-el-cambio","status":"publish","type":"post","link":"https:\/\/www.sanfernandonuestro.com.ar\/wp\/daniel-salvador-tenemos-un-radicalismo-que-se-anima-y-es-protagonista-en-juntos-por-el-cambio\/","title":{"rendered":"Daniel Salvador: \u00abTenemos un radicalismo que se anima y es protagonista en Juntos por el Cambio\u201d"},"content":{"rendered":"<p><strong>Dirigentes radicales se convocaron en el noroeste provincial para sopesar su accionar en virtud del conflicto abierto ya entre el gobierno y el campo con la pretensi\u00f3n de cumplir un rol activo en este contexto.<\/strong><\/p><div id=\"sanfe-2730413078\" class=\"sanfe-contenido sanfe-entity-placement\" style=\"margin-top: 1px;margin-right: 2px;\"><script async src=\"\/\/pagead2.googlesyndication.com\/pagead\/js\/adsbygoogle.js\"><\/script>\r\n<!-- anuncio -->\r\n<ins class=\"adsbygoogle\"\r\n     style=\"display:block\"\r\n     data-ad-client=\"ca-pub-6719099566820218\"\r\n     data-ad-slot=\"4258158415\"\r\n     data-ad-format=\"auto\"\r\n     data-full-width-responsive=\"true\"><\/ins>\r\n<script>\r\n(adsbygoogle = window.adsbygoogle || []).push({});\r\n<\/script><\/div><br style=\"clear: both; display: block; float: none;\"\/>\n<p>Con fuerte acompa\u00f1amiento, se realiz\u00f3 este s\u00e1bado en Trenque Lauquen un encuentro del radicalismo en la cuarta secci\u00f3n electoral organizada por el propio intendente Miguel Fern\u00e1ndez, que preside el Foro de intendentes radicales; el diputado provincial Valent\u00edn Miranda, oriundo de esa ciudad; y el ex vicegobernador y presidente de la UCR bonaerense, Daniel Salvador.<\/p>\n<p>En el marco de una reuni\u00f3n en la que tuvieron sus espacios los concejales y los consejeros escolares de toda la secci\u00f3n y los presidentes de comit\u00e9 locales, las autoridades aprovecharon para \u201cdar un mensaje de fortaleza de cara a la sociedad y en relaci\u00f3n con los conflictos que se empiezan a atisbar en el horizonte\u201d.<\/p>\n<p>Por caso, el propio intendente de Trenque Lauquen apunt\u00f3 que \u201ca solo dos meses de haber dejado el gobierno estamos mostrando rebeld\u00eda para liderar Juntos por el Cambio y construir una alternativa para la gente\u201d.<\/p>\n<p>Mientras que el actual presidente del partido y ex vicegobernador de la provincia de Buenos Aires de Mar\u00eda Eugenia Vidal, Daniel Salvador, consider\u00f3 que \u201ceste radicalismo movilizado que vemos en Trenque Lauquen se ve en toda la provincia. Un radicalismo que se anima y es protagonista en Juntos por el Cambio\u201d.<\/p>\n<p>&nbsp;<\/p>\n<blockquote class=\"twitter-tweet\">\n<p dir=\"ltr\" lang=\"es\">Nuestro principal desaf\u00edo es fortalecer al radicalismo. En unidad lo estamos logrando.<\/p>\n<p>Una UCR fuerte en JxC es garant\u00eda de una mejor Rep\u00fablica<\/p>\n<p>Gracias <a href=\"https:\/\/twitter.com\/hashtag\/TrenqueLauquen?src=hash&amp;ref_src=twsrc%5Etfw\">#TrenqueLauquen<\/a> por recibirnos <a href=\"https:\/\/t.co\/3i3SZH70G5\">pic.twitter.com\/3i3SZH70G5<\/a><\/p>\n<p>\u2014 Daniel Salvador (@SalvadorPBA) <a href=\"https:\/\/twitter.com\/SalvadorPBA\/status\/1236411709700616192?ref_src=twsrc%5Etfw\">March 7, 2020<\/a><\/p><\/blockquote>\n<p><script src=\"https:\/\/platform.twitter.com\/widgets.js\" async=\"\" charset=\"utf-8\"><\/script><\/p>\n<p>Tambi\u00e9n el actual presidente del bloque de diputado de Juntos por el Cambio, el dirigente radical marplatense Maximiliano Abad avanz\u00f3 en considerar que \u201cnuestra tarea es fortalecer el radicalismo para potenciar y ampliar Juntos por el Cambio. Y esta tarea tiene un doble objetivo, enfrentar el proyecto autoritario del oficialismo y dise\u00f1ar una propuesta pol\u00edtica moderna y superadora\u201d.<\/p>\n<p>En el mismo sentido se expres\u00f3 el diputado opositor Emiliano Balb\u00edn aprovech\u00f3 la ocasi\u00f3n para considerar que \u201cestaremos atentos a cada paso defendiendo los intereses de todos los bonaerenses honrando nuestras banderas, pero, sobre todo, honrando a los vecinos\u201d, dijo tras terminar el encuentro donde sobrevol\u00f3 el conflicto abierto entre el campo y el gobierno, que amenaza con expandirse.<\/p>\n","protected":false},"excerpt":{"rendered":"<p>Dirigentes radicales se convocaron en el noroeste provincial para sopesar su accionar en virtud del conflicto abierto ya entre el gobierno y el campo con la pretensi\u00f3n de cumplir un<\/p>\n","protected":false},"author":3,"featured_media":52475,"comment_status":"open","ping_status":"open","sticky":false,"template":"","format":"standard","meta":{"footnotes":""},"categories":[4],"tags":[1400,2995,318,987],"class_list":["post-52474","post","type-post","status-publish","format-standard","has-post-thumbnail","hentry","category-politica","tag-daniel-salvador","tag-juntos-por-el-cambio","tag-oposicion","tag-ucr"],"yoast_head":"<!-- This site is optimized with the Yoast SEO plugin v28.3 - https:\/\/yoast.com\/product\/yoast-seo-wordpress\/ -->\n<title>Daniel Salvador: &quot;Tenemos un radicalismo que se anima y es protagonista en Juntos por el Cambio\u201d - San Fernando Nuestro<\/title>\n<meta name=\"robots\" content=\"index, follow, max-snippet:-1, max-image-preview:large, max-video-preview:-1\" \/>\n<link rel=\"canonical\" href=\"https:\/\/www.sanfernandonuestro.com.ar\/wp\/daniel-salvador-tenemos-un-radicalismo-que-se-anima-y-es-protagonista-en-juntos-por-el-cambio\/\" \/>\n<meta property=\"og:locale\" content=\"es_ES\" \/>\n<meta property=\"og:type\" content=\"article\" \/>\n<meta property=\"og:title\" content=\"Daniel Salvador: &quot;Tenemos un radicalismo que se anima y es protagonista en Juntos por el Cambio\u201d - San Fernando Nuestro\" \/>\n<meta property=\"og:description\" content=\"Dirigentes radicales se convocaron en el noroeste provincial para sopesar su accionar en virtud del conflicto abierto ya entre el gobierno y el campo con la pretensi\u00f3n de cumplir un\" \/>\n<meta property=\"og:url\" content=\"https:\/\/www.sanfernandonuestro.com.ar\/wp\/daniel-salvador-tenemos-un-radicalismo-que-se-anima-y-es-protagonista-en-juntos-por-el-cambio\/\" \/>\n<meta property=\"og:site_name\" content=\"San Fernando Nuestro\" \/>\n<meta property=\"article:publisher\" content=\"https:\/\/www.facebook.com\/SanFernandoNuestro\/\" \/>\n<meta property=\"article:author\" content=\"https:\/\/www.facebook.com\/sabrina.v.garcia\" \/>\n<meta property=\"article:published_time\" content=\"2020-03-09T03:42:42+00:00\" \/>\n<meta property=\"og:image\" content=\"https:\/\/www.sanfernandonuestro.com.ar\/wp\/wp-content\/uploads\/2020\/03\/20200308130740_whatsapp-image-2020-03-08-at-13-04-27.jpeg\" \/>\n\t<meta property=\"og:image:width\" content=\"887\" \/>\n\t<meta property=\"og:image:height\" content=\"554\" \/>\n\t<meta property=\"og:image:type\" content=\"image\/jpeg\" \/>\n<meta name=\"author\" content=\"Sabrina Garcia\" \/>\n<meta name=\"twitter:card\" content=\"summary_large_image\" \/>\n<meta name=\"twitter:creator\" content=\"@https:\/\/twitter.com\/garciasabri?lang=es\" \/>\n<meta name=\"twitter:site\" content=\"@sfnuestro\" \/>\n<meta name=\"twitter:label1\" content=\"Escrito por\" \/>\n\t<meta name=\"twitter:data1\" content=\"Sabrina Garcia\" \/>\n\t<meta name=\"twitter:label2\" content=\"Tiempo de lectura\" \/>\n\t<meta name=\"twitter:data2\" content=\"2 minutos\" \/>\n<script type=\"application\/ld+json\" class=\"yoast-schema-graph\">{\"@context\":\"https:\\\/\\\/schema.org\",\"@graph\":[{\"@type\":\"Article\",\"@id\":\"https:\\\/\\\/www.sanfernandonuestro.com.ar\\\/wp\\\/daniel-salvador-tenemos-un-radicalismo-que-se-anima-y-es-protagonista-en-juntos-por-el-cambio\\\/#article\",\"isPartOf\":{\"@id\":\"https:\\\/\\\/www.sanfernandonuestro.com.ar\\\/wp\\\/daniel-salvador-tenemos-un-radicalismo-que-se-anima-y-es-protagonista-en-juntos-por-el-cambio\\\/\"},\"author\":{\"name\":\"Sabrina Garcia\",\"@id\":\"https:\\\/\\\/www.sanfernandonuestro.com.ar\\\/wp\\\/#\\\/schema\\\/person\\\/b42a4d7cb7767aa65f3c9bb2861fcbe7\"},\"headline\":\"Daniel Salvador: \u00abTenemos un radicalismo que se anima y es protagonista en Juntos por el Cambio\u201d\",\"datePublished\":\"2020-03-09T03:42:42+00:00\",\"mainEntityOfPage\":{\"@id\":\"https:\\\/\\\/www.sanfernandonuestro.com.ar\\\/wp\\\/daniel-salvador-tenemos-un-radicalismo-que-se-anima-y-es-protagonista-en-juntos-por-el-cambio\\\/\"},\"wordCount\":421,\"commentCount\":0,\"publisher\":{\"@id\":\"https:\\\/\\\/www.sanfernandonuestro.com.ar\\\/wp\\\/#organization\"},\"image\":{\"@id\":\"https:\\\/\\\/www.sanfernandonuestro.com.ar\\\/wp\\\/daniel-salvador-tenemos-un-radicalismo-que-se-anima-y-es-protagonista-en-juntos-por-el-cambio\\\/#primaryimage\"},\"thumbnailUrl\":\"https:\\\/\\\/www.sanfernandonuestro.com.ar\\\/wp\\\/wp-content\\\/uploads\\\/2020\\\/03\\\/20200308130740_whatsapp-image-2020-03-08-at-13-04-27.jpeg\",\"keywords\":[\"Daniel Salvador\",\"Juntos por el Cambio\",\"oposici\u00f3n\",\"UCR\"],\"articleSection\":[\"POL\u00cdTICA\"],\"inLanguage\":\"es\",\"potentialAction\":[{\"@type\":\"CommentAction\",\"name\":\"Comment\",\"target\":[\"https:\\\/\\\/www.sanfernandonuestro.com.ar\\\/wp\\\/daniel-salvador-tenemos-un-radicalismo-que-se-anima-y-es-protagonista-en-juntos-por-el-cambio\\\/#respond\"]}]},{\"@type\":\"WebPage\",\"@id\":\"https:\\\/\\\/www.sanfernandonuestro.com.ar\\\/wp\\\/daniel-salvador-tenemos-un-radicalismo-que-se-anima-y-es-protagonista-en-juntos-por-el-cambio\\\/\",\"url\":\"https:\\\/\\\/www.sanfernandonuestro.com.ar\\\/wp\\\/daniel-salvador-tenemos-un-radicalismo-que-se-anima-y-es-protagonista-en-juntos-por-el-cambio\\\/\",\"name\":\"Daniel Salvador: \\\"Tenemos un radicalismo que se anima y es protagonista en Juntos por el Cambio\u201d - San Fernando Nuestro\",\"isPartOf\":{\"@id\":\"https:\\\/\\\/www.sanfernandonuestro.com.ar\\\/wp\\\/#website\"},\"primaryImageOfPage\":{\"@id\":\"https:\\\/\\\/www.sanfernandonuestro.com.ar\\\/wp\\\/daniel-salvador-tenemos-un-radicalismo-que-se-anima-y-es-protagonista-en-juntos-por-el-cambio\\\/#primaryimage\"},\"image\":{\"@id\":\"https:\\\/\\\/www.sanfernandonuestro.com.ar\\\/wp\\\/daniel-salvador-tenemos-un-radicalismo-que-se-anima-y-es-protagonista-en-juntos-por-el-cambio\\\/#primaryimage\"},\"thumbnailUrl\":\"https:\\\/\\\/www.sanfernandonuestro.com.ar\\\/wp\\\/wp-content\\\/uploads\\\/2020\\\/03\\\/20200308130740_whatsapp-image-2020-03-08-at-13-04-27.jpeg\",\"datePublished\":\"2020-03-09T03:42:42+00:00\",\"breadcrumb\":{\"@id\":\"https:\\\/\\\/www.sanfernandonuestro.com.ar\\\/wp\\\/daniel-salvador-tenemos-un-radicalismo-que-se-anima-y-es-protagonista-en-juntos-por-el-cambio\\\/#breadcrumb\"},\"inLanguage\":\"es\",\"potentialAction\":[{\"@type\":\"ReadAction\",\"target\":[\"https:\\\/\\\/www.sanfernandonuestro.com.ar\\\/wp\\\/daniel-salvador-tenemos-un-radicalismo-que-se-anima-y-es-protagonista-en-juntos-por-el-cambio\\\/\"]}]},{\"@type\":\"ImageObject\",\"inLanguage\":\"es\",\"@id\":\"https:\\\/\\\/www.sanfernandonuestro.com.ar\\\/wp\\\/daniel-salvador-tenemos-un-radicalismo-que-se-anima-y-es-protagonista-en-juntos-por-el-cambio\\\/#primaryimage\",\"url\":\"https:\\\/\\\/www.sanfernandonuestro.com.ar\\\/wp\\\/wp-content\\\/uploads\\\/2020\\\/03\\\/20200308130740_whatsapp-image-2020-03-08-at-13-04-27.jpeg\",\"contentUrl\":\"https:\\\/\\\/www.sanfernandonuestro.com.ar\\\/wp\\\/wp-content\\\/uploads\\\/2020\\\/03\\\/20200308130740_whatsapp-image-2020-03-08-at-13-04-27.jpeg\",\"width\":887,\"height\":554},{\"@type\":\"BreadcrumbList\",\"@id\":\"https:\\\/\\\/www.sanfernandonuestro.com.ar\\\/wp\\\/daniel-salvador-tenemos-un-radicalismo-que-se-anima-y-es-protagonista-en-juntos-por-el-cambio\\\/#breadcrumb\",\"itemListElement\":[{\"@type\":\"ListItem\",\"position\":1,\"name\":\"Portada\",\"item\":\"https:\\\/\\\/www.sanfernandonuestro.com.ar\\\/wp\\\/\"},{\"@type\":\"ListItem\",\"position\":2,\"name\":\"Daniel Salvador: \u00abTenemos un radicalismo que se anima y es protagonista en Juntos por el Cambio\u201d\"}]},{\"@type\":\"WebSite\",\"@id\":\"https:\\\/\\\/www.sanfernandonuestro.com.ar\\\/wp\\\/#website\",\"url\":\"https:\\\/\\\/www.sanfernandonuestro.com.ar\\\/wp\\\/\",\"name\":\"San Fernando Nuestro\",\"description\":\"Un Lugar de Encuentro\",\"publisher\":{\"@id\":\"https:\\\/\\\/www.sanfernandonuestro.com.ar\\\/wp\\\/#organization\"},\"potentialAction\":[{\"@type\":\"SearchAction\",\"target\":{\"@type\":\"EntryPoint\",\"urlTemplate\":\"https:\\\/\\\/www.sanfernandonuestro.com.ar\\\/wp\\\/?s={search_term_string}\"},\"query-input\":{\"@type\":\"PropertyValueSpecification\",\"valueRequired\":true,\"valueName\":\"search_term_string\"}}],\"inLanguage\":\"es\"},{\"@type\":\"Organization\",\"@id\":\"https:\\\/\\\/www.sanfernandonuestro.com.ar\\\/wp\\\/#organization\",\"name\":\"San Fernando Nuestro\",\"url\":\"https:\\\/\\\/www.sanfernandonuestro.com.ar\\\/wp\\\/\",\"logo\":{\"@type\":\"ImageObject\",\"inLanguage\":\"es\",\"@id\":\"https:\\\/\\\/www.sanfernandonuestro.com.ar\\\/wp\\\/#\\\/schema\\\/logo\\\/image\\\/\",\"url\":\"https:\\\/\\\/www.sanfernandonuestro.com.ar\\\/wp\\\/wp-content\\\/uploads\\\/2026\\\/07\\\/sfn-marca.png\",\"contentUrl\":\"https:\\\/\\\/www.sanfernandonuestro.com.ar\\\/wp\\\/wp-content\\\/uploads\\\/2026\\\/07\\\/sfn-marca.png\",\"width\":390,\"height\":116,\"caption\":\"San Fernando Nuestro\"},\"image\":{\"@id\":\"https:\\\/\\\/www.sanfernandonuestro.com.ar\\\/wp\\\/#\\\/schema\\\/logo\\\/image\\\/\"},\"sameAs\":[\"https:\\\/\\\/www.facebook.com\\\/SanFernandoNuestro\\\/\",\"https:\\\/\\\/x.com\\\/sfnuestro\"]},{\"@type\":\"Person\",\"@id\":\"https:\\\/\\\/www.sanfernandonuestro.com.ar\\\/wp\\\/#\\\/schema\\\/person\\\/b42a4d7cb7767aa65f3c9bb2861fcbe7\",\"name\":\"Sabrina Garcia\",\"image\":{\"@type\":\"ImageObject\",\"inLanguage\":\"es\",\"@id\":\"https:\\\/\\\/secure.gravatar.com\\\/avatar\\\/635861e691b92a500308c1d7346bf695f797b11664daf3c231692c62a64f23fb?s=96&d=mm&r=g\",\"url\":\"https:\\\/\\\/secure.gravatar.com\\\/avatar\\\/635861e691b92a500308c1d7346bf695f797b11664daf3c231692c62a64f23fb?s=96&d=mm&r=g\",\"contentUrl\":\"https:\\\/\\\/secure.gravatar.com\\\/avatar\\\/635861e691b92a500308c1d7346bf695f797b11664daf3c231692c62a64f23fb?s=96&d=mm&r=g\",\"caption\":\"Sabrina Garcia\"},\"sameAs\":[\"https:\\\/\\\/www.facebook.com\\\/sabrina.v.garcia\",\"sgarcia\",\"https:\\\/\\\/x.com\\\/https:\\\/\\\/twitter.com\\\/garciasabri?lang=es\",\"https:\\\/\\\/www.youtube.com\\\/user\\\/garciasabri\"],\"url\":\"https:\\\/\\\/www.sanfernandonuestro.com.ar\\\/wp\\\/author\\\/sgarcia\\\/\"}]}<\/script>\n<!-- \/ Yoast SEO plugin. -->","yoast_head_json":{"title":"Daniel Salvador: \"Tenemos un radicalismo que se anima y es protagonista en Juntos por el Cambio\u201d - San Fernando Nuestro","robots":{"index":"index","follow":"follow","max-snippet":"max-snippet:-1","max-image-preview":"max-image-preview:large","max-video-preview":"max-video-preview:-1"},"canonical":"https:\/\/www.sanfernandonuestro.com.ar\/wp\/daniel-salvador-tenemos-un-radicalismo-que-se-anima-y-es-protagonista-en-juntos-por-el-cambio\/","og_locale":"es_ES","og_type":"article","og_title":"Daniel Salvador: \"Tenemos un radicalismo que se anima y es protagonista en Juntos por el Cambio\u201d - San Fernando Nuestro","og_description":"Dirigentes radicales se convocaron en el noroeste provincial para sopesar su accionar en virtud del conflicto abierto ya entre el gobierno y el campo con la pretensi\u00f3n de cumplir un","og_url":"https:\/\/www.sanfernandonuestro.com.ar\/wp\/daniel-salvador-tenemos-un-radicalismo-que-se-anima-y-es-protagonista-en-juntos-por-el-cambio\/","og_site_name":"San Fernando Nuestro","article_publisher":"https:\/\/www.facebook.com\/SanFernandoNuestro\/","article_author":"https:\/\/www.facebook.com\/sabrina.v.garcia","article_published_time":"2020-03-09T03:42:42+00:00","og_image":[{"width":887,"height":554,"url":"https:\/\/www.sanfernandonuestro.com.ar\/wp\/wp-content\/uploads\/2020\/03\/20200308130740_whatsapp-image-2020-03-08-at-13-04-27.jpeg","type":"image\/jpeg"}],"author":"Sabrina Garcia","twitter_card":"summary_large_image","twitter_creator":"@https:\/\/twitter.com\/garciasabri?lang=es","twitter_site":"@sfnuestro","twitter_misc":{"Escrito por":"Sabrina Garcia","Tiempo de lectura":"2 minutos"},"schema":{"@context":"https:\/\/schema.org","@graph":[{"@type":"Article","@id":"https:\/\/www.sanfernandonuestro.com.ar\/wp\/daniel-salvador-tenemos-un-radicalismo-que-se-anima-y-es-protagonista-en-juntos-por-el-cambio\/#article","isPartOf":{"@id":"https:\/\/www.sanfernandonuestro.com.ar\/wp\/daniel-salvador-tenemos-un-radicalismo-que-se-anima-y-es-protagonista-en-juntos-por-el-cambio\/"},"author":{"name":"Sabrina Garcia","@id":"https:\/\/www.sanfernandonuestro.com.ar\/wp\/#\/schema\/person\/b42a4d7cb7767aa65f3c9bb2861fcbe7"},"headline":"Daniel Salvador: \u00abTenemos un radicalismo que se anima y es protagonista en Juntos por el Cambio\u201d","datePublished":"2020-03-09T03:42:42+00:00","mainEntityOfPage":{"@id":"https:\/\/www.sanfernandonuestro.com.ar\/wp\/daniel-salvador-tenemos-un-radicalismo-que-se-anima-y-es-protagonista-en-juntos-por-el-cambio\/"},"wordCount":421,"commentCount":0,"publisher":{"@id":"https:\/\/www.sanfernandonuestro.com.ar\/wp\/#organization"},"image":{"@id":"https:\/\/www.sanfernandonuestro.com.ar\/wp\/daniel-salvador-tenemos-un-radicalismo-que-se-anima-y-es-protagonista-en-juntos-por-el-cambio\/#primaryimage"},"thumbnailUrl":"https:\/\/www.sanfernandonuestro.com.ar\/wp\/wp-content\/uploads\/2020\/03\/20200308130740_whatsapp-image-2020-03-08-at-13-04-27.jpeg","keywords":["Daniel Salvador","Juntos por el Cambio","oposici\u00f3n","UCR"],"articleSection":["POL\u00cdTICA"],"inLanguage":"es","potentialAction":[{"@type":"CommentAction","name":"Comment","target":["https:\/\/www.sanfernandonuestro.com.ar\/wp\/daniel-salvador-tenemos-un-radicalismo-que-se-anima-y-es-protagonista-en-juntos-por-el-cambio\/#respond"]}]},{"@type":"WebPage","@id":"https:\/\/www.sanfernandonuestro.com.ar\/wp\/daniel-salvador-tenemos-un-radicalismo-que-se-anima-y-es-protagonista-en-juntos-por-el-cambio\/","url":"https:\/\/www.sanfernandonuestro.com.ar\/wp\/daniel-salvador-tenemos-un-radicalismo-que-se-anima-y-es-protagonista-en-juntos-por-el-cambio\/","name":"Daniel Salvador: \"Tenemos un radicalismo que se anima y es protagonista en Juntos por el Cambio\u201d - San Fernando Nuestro","isPartOf":{"@id":"https:\/\/www.sanfernandonuestro.com.ar\/wp\/#website"},"primaryImageOfPage":{"@id":"https:\/\/www.sanfernandonuestro.com.ar\/wp\/daniel-salvador-tenemos-un-radicalismo-que-se-anima-y-es-protagonista-en-juntos-por-el-cambio\/#primaryimage"},"image":{"@id":"https:\/\/www.sanfernandonuestro.com.ar\/wp\/daniel-salvador-tenemos-un-radicalismo-que-se-anima-y-es-protagonista-en-juntos-por-el-cambio\/#primaryimage"},"thumbnailUrl":"https:\/\/www.sanfernandonuestro.com.ar\/wp\/wp-content\/uploads\/2020\/03\/20200308130740_whatsapp-image-2020-03-08-at-13-04-27.jpeg","datePublished":"2020-03-09T03:42:42+00:00","breadcrumb":{"@id":"https:\/\/www.sanfernandonuestro.com.ar\/wp\/daniel-salvador-tenemos-un-radicalismo-que-se-anima-y-es-protagonista-en-juntos-por-el-cambio\/#breadcrumb"},"inLanguage":"es","potentialAction":[{"@type":"ReadAction","target":["https:\/\/www.sanfernandonuestro.com.ar\/wp\/daniel-salvador-tenemos-un-radicalismo-que-se-anima-y-es-protagonista-en-juntos-por-el-cambio\/"]}]},{"@type":"ImageObject","inLanguage":"es","@id":"https:\/\/www.sanfernandonuestro.com.ar\/wp\/daniel-salvador-tenemos-un-radicalismo-que-se-anima-y-es-protagonista-en-juntos-por-el-cambio\/#primaryimage","url":"https:\/\/www.sanfernandonuestro.com.ar\/wp\/wp-content\/uploads\/2020\/03\/20200308130740_whatsapp-image-2020-03-08-at-13-04-27.jpeg","contentUrl":"https:\/\/www.sanfernandonuestro.com.ar\/wp\/wp-content\/uploads\/2020\/03\/20200308130740_whatsapp-image-2020-03-08-at-13-04-27.jpeg","width":887,"height":554},{"@type":"BreadcrumbList","@id":"https:\/\/www.sanfernandonuestro.com.ar\/wp\/daniel-salvador-tenemos-un-radicalismo-que-se-anima-y-es-protagonista-en-juntos-por-el-cambio\/#breadcrumb","itemListElement":[{"@type":"ListItem","position":1,"name":"Portada","item":"https:\/\/www.sanfernandonuestro.com.ar\/wp\/"},{"@type":"ListItem","position":2,"name":"Daniel Salvador: \u00abTenemos un radicalismo que se anima y es protagonista en Juntos por el Cambio\u201d"}]},{"@type":"WebSite","@id":"https:\/\/www.sanfernandonuestro.com.ar\/wp\/#website","url":"https:\/\/www.sanfernandonuestro.com.ar\/wp\/","name":"San Fernando Nuestro","description":"Un Lugar de Encuentro","publisher":{"@id":"https:\/\/www.sanfernandonuestro.com.ar\/wp\/#organization"},"potentialAction":[{"@type":"SearchAction","target":{"@type":"EntryPoint","urlTemplate":"https:\/\/www.sanfernandonuestro.com.ar\/wp\/?s={search_term_string}"},"query-input":{"@type":"PropertyValueSpecification","valueRequired":true,"valueName":"search_term_string"}}],"inLanguage":"es"},{"@type":"Organization","@id":"https:\/\/www.sanfernandonuestro.com.ar\/wp\/#organization","name":"San Fernando Nuestro","url":"https:\/\/www.sanfernandonuestro.com.ar\/wp\/","logo":{"@type":"ImageObject","inLanguage":"es","@id":"https:\/\/www.sanfernandonuestro.com.ar\/wp\/#\/schema\/logo\/image\/","url":"https:\/\/www.sanfernandonuestro.com.ar\/wp\/wp-content\/uploads\/2026\/07\/sfn-marca.png","contentUrl":"https:\/\/www.sanfernandonuestro.com.ar\/wp\/wp-content\/uploads\/2026\/07\/sfn-marca.png","width":390,"height":116,"caption":"San Fernando Nuestro"},"image":{"@id":"https:\/\/www.sanfernandonuestro.com.ar\/wp\/#\/schema\/logo\/image\/"},"sameAs":["https:\/\/www.facebook.com\/SanFernandoNuestro\/","https:\/\/x.com\/sfnuestro"]},{"@type":"Person","@id":"https:\/\/www.sanfernandonuestro.com.ar\/wp\/#\/schema\/person\/b42a4d7cb7767aa65f3c9bb2861fcbe7","name":"Sabrina Garcia","image":{"@type":"ImageObject","inLanguage":"es","@id":"https:\/\/secure.gravatar.com\/avatar\/635861e691b92a500308c1d7346bf695f797b11664daf3c231692c62a64f23fb?s=96&d=mm&r=g","url":"https:\/\/secure.gravatar.com\/avatar\/635861e691b92a500308c1d7346bf695f797b11664daf3c231692c62a64f23fb?s=96&d=mm&r=g","contentUrl":"https:\/\/secure.gravatar.com\/avatar\/635861e691b92a500308c1d7346bf695f797b11664daf3c231692c62a64f23fb?s=96&d=mm&r=g","caption":"Sabrina Garcia"},"sameAs":["https:\/\/www.facebook.com\/sabrina.v.garcia","sgarcia","https:\/\/x.com\/https:\/\/twitter.com\/garciasabri?lang=es","https:\/\/www.youtube.com\/user\/garciasabri"],"url":"https:\/\/www.sanfernandonuestro.com.ar\/wp\/author\/sgarcia\/"}]}},"_links":{"self":[{"href":"https:\/\/www.sanfernandonuestro.com.ar\/wp\/wp-json\/wp\/v2\/posts\/52474","targetHints":{"allow":["GET"]}}],"collection":[{"href":"https:\/\/www.sanfernandonuestro.com.ar\/wp\/wp-json\/wp\/v2\/posts"}],"about":[{"href":"https:\/\/www.sanfernandonuestro.com.ar\/wp\/wp-json\/wp\/v2\/types\/post"}],"author":[{"embeddable":true,"href":"https:\/\/www.sanfernandonuestro.com.ar\/wp\/wp-json\/wp\/v2\/users\/3"}],"replies":[{"embeddable":true,"href":"https:\/\/www.sanfernandonuestro.com.ar\/wp\/wp-json\/wp\/v2\/comments?post=52474"}],"version-history":[{"count":0,"href":"https:\/\/www.sanfernandonuestro.com.ar\/wp\/wp-json\/wp\/v2\/posts\/52474\/revisions"}],"wp:featuredmedia":[{"embeddable":true,"href":"https:\/\/www.sanfernandonuestro.com.ar\/wp\/wp-json\/wp\/v2\/media\/52475"}],"wp:attachment":[{"href":"https:\/\/www.sanfernandonuestro.com.ar\/wp\/wp-json\/wp\/v2\/media?parent=52474"}],"wp:term":[{"taxonomy":"category","embeddable":true,"href":"https:\/\/www.sanfernandonuestro.com.ar\/wp\/wp-json\/wp\/v2\/categories?post=52474"},{"taxonomy":"post_tag","embeddable":true,"href":"https:\/\/www.sanfernandonuestro.com.ar\/wp\/wp-json\/wp\/v2\/tags?post=52474"}],"curies":[{"name":"wp","href":"https:\/\/api.w.org\/{rel}","templated":true}]}}