{"id":55176,"date":"2020-08-28T08:38:24","date_gmt":"2020-08-28T11:38:24","guid":{"rendered":"https:\/\/www.sanfernandonuestro.com.ar\/wp\/?p=55176"},"modified":"2020-08-28T08:38:51","modified_gmt":"2020-08-28T11:38:51","slug":"operativo-de-desinfeccion-de-frentes-de-casas-y-comercios-en-el-barrio-alsina","status":"publish","type":"post","link":"https:\/\/www.sanfernandonuestro.com.ar\/wp\/operativo-de-desinfeccion-de-frentes-de-casas-y-comercios-en-el-barrio-alsina\/","title":{"rendered":"Operativo de desinfecci\u00f3n de frentes de casas y comercios en el barrio Alsina"},"content":{"rendered":"<p><strong>El Municipio sigue realizando barreras de desinfecci\u00f3n de veredas, calles y fachadas de casas, bancos, centros de salud comercios y cuadras m\u00e1s transitadas de todo el distrito. Las tareas se complementan con medidas de higiene en dependencias municipales y refugios de pasajeros.<\/strong><\/p><div id=\"sanfe-2950254120\" class=\"sanfe-contenido sanfe-entity-placement\" style=\"margin-top: 1px;margin-right: 2px;\"><script async src=\"\/\/pagead2.googlesyndication.com\/pagead\/js\/adsbygoogle.js\"><\/script>\r\n<!-- anuncio -->\r\n<ins class=\"adsbygoogle\"\r\n     style=\"display:block\"\r\n     data-ad-client=\"ca-pub-6719099566820218\"\r\n     data-ad-slot=\"4258158415\"\r\n     data-ad-format=\"auto\"\r\n     data-full-width-responsive=\"true\"><\/ins>\r\n<script>\r\n(adsbygoogle = window.adsbygoogle || []).push({});\r\n<\/script><\/div><br style=\"clear: both; display: block; float: none;\"\/>\n<p>El Municipio contin\u00faa realizando tareas de desinfecci\u00f3n en distintos espacios p\u00fablicos, como las veredas y fachadas de hogares, bancos, hospitales, comercios y refugios de pasajeros, con personal y equipos de las secretar\u00edas de Salud, Espacios P\u00fablicos y Obras P\u00fablicas.<\/p>\n<p>El secretario de Salud P\u00fablica, Marcelo Campos, detall\u00f3 el operativo que se realiz\u00f3 en el barrio Alsina: \u201cDesde el primer d\u00eda que comenz\u00f3 la pandemia seguimos sanitizando y desinfectando tanto en domicilios donde hayamos identificado un caso positivo de COVID-19, como tambi\u00e9n veredas, centros de salud, paradas de colectivos, bancos y lugares donde transita mucha gente y se propaga el virus con mayor facilidad. Trabajamos en conjunto con todas las secretar\u00edas del municipio para estar m\u00e1s cerca del vecino\u201d.<\/p>\n<p>En ese sentido, el funcionario destac\u00f3: \u201cEsperemos que esta situaci\u00f3n pase muy pronto y les pedimos a los vecinos que se sigan cuidando, usen tapabocas, se higienicen las manos y ventilen los ambientes. Hoy el cuidado y poder pasar esta pandemia de la mejor manera depende de cada uno\u201d.<\/p>\n\t\t\n\t\t\t\t\t<div class=\"video-container\">\n\t\t\t\t\t\t<iframe loading=\"lazy\" width=\"820\" height=\"615\" src=\"http:\/\/www.youtube.com\/embed\/N_HW7_rK5Os?rel=0\" frameborder=\"0\" allowfullscreen><\/iframe>\n\t\t\t\t\t<\/div>\n<p>Fuente: San Fernando Municipio<\/p>\n<p><strong>Si llegaste hasta ac\u00e1 es porque cre\u00e9s en la importancia de contar con medios regionales que reflejen lo que pasa en tu comunidad. Nuestra principal v\u00eda de ingresos es la publicidad. Sin embargo, solo con la publicidad no basta para mantener un diario profesional, plural e independiente. Contamos con vos para poder sostener San Fernando Nuestro.\u00a0Pod\u00e9s colaborar enviando dinero (sugerimos 100 pesos) por Mercado Pago al siguiente mail contacto@sanfernandonuestro.com.ar<\/strong><\/p>\n","protected":false},"excerpt":{"rendered":"<p>El Municipio sigue realizando barreras de desinfecci\u00f3n de veredas, calles y fachadas de casas, bancos, centros de salud comercios y cuadras m\u00e1s transitadas de todo el distrito. Las tareas se<\/p>\n","protected":false},"author":3,"featured_media":55177,"comment_status":"open","ping_status":"open","sticky":false,"template":"","format":"standard","meta":{"footnotes":""},"categories":[55],"tags":[437,3380,3393],"class_list":["post-55176","post","type-post","status-publish","format-standard","has-post-thumbnail","hentry","category-informacion-general","tag-barrio-alsina","tag-covid-19","tag-desinfeccion"],"yoast_head":"<!-- This site is optimized with the Yoast SEO plugin v28.3 - https:\/\/yoast.com\/product\/yoast-seo-wordpress\/ -->\n<title>Operativo de desinfecci\u00f3n de frentes de casas y comercios en el barrio Alsina - San Fernando Nuestro<\/title>\n<meta name=\"robots\" content=\"index, follow, max-snippet:-1, max-image-preview:large, max-video-preview:-1\" \/>\n<link rel=\"canonical\" href=\"https:\/\/www.sanfernandonuestro.com.ar\/wp\/operativo-de-desinfeccion-de-frentes-de-casas-y-comercios-en-el-barrio-alsina\/\" \/>\n<meta property=\"og:locale\" content=\"es_ES\" \/>\n<meta property=\"og:type\" content=\"article\" \/>\n<meta property=\"og:title\" content=\"Operativo de desinfecci\u00f3n de frentes de casas y comercios en el barrio Alsina - San Fernando Nuestro\" \/>\n<meta property=\"og:description\" content=\"El Municipio sigue realizando barreras de desinfecci\u00f3n de veredas, calles y fachadas de casas, bancos, centros de salud comercios y cuadras m\u00e1s transitadas de todo el distrito. Las tareas se\" \/>\n<meta property=\"og:url\" content=\"https:\/\/www.sanfernandonuestro.com.ar\/wp\/operativo-de-desinfeccion-de-frentes-de-casas-y-comercios-en-el-barrio-alsina\/\" \/>\n<meta property=\"og:site_name\" content=\"San Fernando Nuestro\" \/>\n<meta property=\"article:publisher\" content=\"https:\/\/www.facebook.com\/SanFernandoNuestro\/\" \/>\n<meta property=\"article:author\" content=\"https:\/\/www.facebook.com\/sabrina.v.garcia\" \/>\n<meta property=\"article:published_time\" content=\"2020-08-28T11:38:24+00:00\" \/>\n<meta property=\"article:modified_time\" content=\"2020-08-28T11:38:51+00:00\" \/>\n<meta property=\"og:image\" content=\"https:\/\/www.sanfernandonuestro.com.ar\/wp\/wp-content\/uploads\/2020\/08\/1-san-fernando-desinfeccion.jpg\" \/>\n\t<meta property=\"og:image:width\" content=\"1920\" \/>\n\t<meta property=\"og:image:height\" content=\"1280\" \/>\n\t<meta property=\"og:image:type\" content=\"image\/jpeg\" \/>\n<meta name=\"author\" content=\"Sabrina Garcia\" \/>\n<meta name=\"twitter:card\" content=\"summary_large_image\" \/>\n<meta name=\"twitter:creator\" content=\"@https:\/\/twitter.com\/garciasabri?lang=es\" \/>\n<meta name=\"twitter:site\" content=\"@sfnuestro\" \/>\n<meta name=\"twitter:label1\" content=\"Escrito por\" \/>\n\t<meta name=\"twitter:data1\" content=\"Sabrina Garcia\" \/>\n\t<meta name=\"twitter:label2\" content=\"Tiempo de lectura\" \/>\n\t<meta name=\"twitter:data2\" content=\"2 minutos\" \/>\n<script type=\"application\/ld+json\" class=\"yoast-schema-graph\">{\"@context\":\"https:\\\/\\\/schema.org\",\"@graph\":[{\"@type\":\"Article\",\"@id\":\"https:\\\/\\\/www.sanfernandonuestro.com.ar\\\/wp\\\/operativo-de-desinfeccion-de-frentes-de-casas-y-comercios-en-el-barrio-alsina\\\/#article\",\"isPartOf\":{\"@id\":\"https:\\\/\\\/www.sanfernandonuestro.com.ar\\\/wp\\\/operativo-de-desinfeccion-de-frentes-de-casas-y-comercios-en-el-barrio-alsina\\\/\"},\"author\":{\"name\":\"Sabrina Garcia\",\"@id\":\"https:\\\/\\\/www.sanfernandonuestro.com.ar\\\/wp\\\/#\\\/schema\\\/person\\\/b42a4d7cb7767aa65f3c9bb2861fcbe7\"},\"headline\":\"Operativo de desinfecci\u00f3n de frentes de casas y comercios en el barrio Alsina\",\"datePublished\":\"2020-08-28T11:38:24+00:00\",\"dateModified\":\"2020-08-28T11:38:51+00:00\",\"mainEntityOfPage\":{\"@id\":\"https:\\\/\\\/www.sanfernandonuestro.com.ar\\\/wp\\\/operativo-de-desinfeccion-de-frentes-de-casas-y-comercios-en-el-barrio-alsina\\\/\"},\"wordCount\":327,\"commentCount\":0,\"publisher\":{\"@id\":\"https:\\\/\\\/www.sanfernandonuestro.com.ar\\\/wp\\\/#organization\"},\"image\":{\"@id\":\"https:\\\/\\\/www.sanfernandonuestro.com.ar\\\/wp\\\/operativo-de-desinfeccion-de-frentes-de-casas-y-comercios-en-el-barrio-alsina\\\/#primaryimage\"},\"thumbnailUrl\":\"https:\\\/\\\/www.sanfernandonuestro.com.ar\\\/wp\\\/wp-content\\\/uploads\\\/2020\\\/08\\\/1-san-fernando-desinfeccion.jpg\",\"keywords\":[\"Barrio Alsina\",\"COVID 19\",\"Desinfecci\u00f3n\"],\"articleSection\":[\"INFORMACI\u00d3N GENERAL\"],\"inLanguage\":\"es\",\"potentialAction\":[{\"@type\":\"CommentAction\",\"name\":\"Comment\",\"target\":[\"https:\\\/\\\/www.sanfernandonuestro.com.ar\\\/wp\\\/operativo-de-desinfeccion-de-frentes-de-casas-y-comercios-en-el-barrio-alsina\\\/#respond\"]}]},{\"@type\":\"WebPage\",\"@id\":\"https:\\\/\\\/www.sanfernandonuestro.com.ar\\\/wp\\\/operativo-de-desinfeccion-de-frentes-de-casas-y-comercios-en-el-barrio-alsina\\\/\",\"url\":\"https:\\\/\\\/www.sanfernandonuestro.com.ar\\\/wp\\\/operativo-de-desinfeccion-de-frentes-de-casas-y-comercios-en-el-barrio-alsina\\\/\",\"name\":\"Operativo de desinfecci\u00f3n de frentes de casas y comercios en el barrio Alsina - San Fernando Nuestro\",\"isPartOf\":{\"@id\":\"https:\\\/\\\/www.sanfernandonuestro.com.ar\\\/wp\\\/#website\"},\"primaryImageOfPage\":{\"@id\":\"https:\\\/\\\/www.sanfernandonuestro.com.ar\\\/wp\\\/operativo-de-desinfeccion-de-frentes-de-casas-y-comercios-en-el-barrio-alsina\\\/#primaryimage\"},\"image\":{\"@id\":\"https:\\\/\\\/www.sanfernandonuestro.com.ar\\\/wp\\\/operativo-de-desinfeccion-de-frentes-de-casas-y-comercios-en-el-barrio-alsina\\\/#primaryimage\"},\"thumbnailUrl\":\"https:\\\/\\\/www.sanfernandonuestro.com.ar\\\/wp\\\/wp-content\\\/uploads\\\/2020\\\/08\\\/1-san-fernando-desinfeccion.jpg\",\"datePublished\":\"2020-08-28T11:38:24+00:00\",\"dateModified\":\"2020-08-28T11:38:51+00:00\",\"breadcrumb\":{\"@id\":\"https:\\\/\\\/www.sanfernandonuestro.com.ar\\\/wp\\\/operativo-de-desinfeccion-de-frentes-de-casas-y-comercios-en-el-barrio-alsina\\\/#breadcrumb\"},\"inLanguage\":\"es\",\"potentialAction\":[{\"@type\":\"ReadAction\",\"target\":[\"https:\\\/\\\/www.sanfernandonuestro.com.ar\\\/wp\\\/operativo-de-desinfeccion-de-frentes-de-casas-y-comercios-en-el-barrio-alsina\\\/\"]}]},{\"@type\":\"ImageObject\",\"inLanguage\":\"es\",\"@id\":\"https:\\\/\\\/www.sanfernandonuestro.com.ar\\\/wp\\\/operativo-de-desinfeccion-de-frentes-de-casas-y-comercios-en-el-barrio-alsina\\\/#primaryimage\",\"url\":\"https:\\\/\\\/www.sanfernandonuestro.com.ar\\\/wp\\\/wp-content\\\/uploads\\\/2020\\\/08\\\/1-san-fernando-desinfeccion.jpg\",\"contentUrl\":\"https:\\\/\\\/www.sanfernandonuestro.com.ar\\\/wp\\\/wp-content\\\/uploads\\\/2020\\\/08\\\/1-san-fernando-desinfeccion.jpg\",\"width\":1920,\"height\":1280},{\"@type\":\"BreadcrumbList\",\"@id\":\"https:\\\/\\\/www.sanfernandonuestro.com.ar\\\/wp\\\/operativo-de-desinfeccion-de-frentes-de-casas-y-comercios-en-el-barrio-alsina\\\/#breadcrumb\",\"itemListElement\":[{\"@type\":\"ListItem\",\"position\":1,\"name\":\"Portada\",\"item\":\"https:\\\/\\\/www.sanfernandonuestro.com.ar\\\/wp\\\/\"},{\"@type\":\"ListItem\",\"position\":2,\"name\":\"Operativo de desinfecci\u00f3n de frentes de casas y comercios en el barrio Alsina\"}]},{\"@type\":\"WebSite\",\"@id\":\"https:\\\/\\\/www.sanfernandonuestro.com.ar\\\/wp\\\/#website\",\"url\":\"https:\\\/\\\/www.sanfernandonuestro.com.ar\\\/wp\\\/\",\"name\":\"San Fernando Nuestro\",\"description\":\"Un Lugar de Encuentro\",\"publisher\":{\"@id\":\"https:\\\/\\\/www.sanfernandonuestro.com.ar\\\/wp\\\/#organization\"},\"potentialAction\":[{\"@type\":\"SearchAction\",\"target\":{\"@type\":\"EntryPoint\",\"urlTemplate\":\"https:\\\/\\\/www.sanfernandonuestro.com.ar\\\/wp\\\/?s={search_term_string}\"},\"query-input\":{\"@type\":\"PropertyValueSpecification\",\"valueRequired\":true,\"valueName\":\"search_term_string\"}}],\"inLanguage\":\"es\"},{\"@type\":\"Organization\",\"@id\":\"https:\\\/\\\/www.sanfernandonuestro.com.ar\\\/wp\\\/#organization\",\"name\":\"San Fernando Nuestro\",\"url\":\"https:\\\/\\\/www.sanfernandonuestro.com.ar\\\/wp\\\/\",\"logo\":{\"@type\":\"ImageObject\",\"inLanguage\":\"es\",\"@id\":\"https:\\\/\\\/www.sanfernandonuestro.com.ar\\\/wp\\\/#\\\/schema\\\/logo\\\/image\\\/\",\"url\":\"https:\\\/\\\/www.sanfernandonuestro.com.ar\\\/wp\\\/wp-content\\\/uploads\\\/2026\\\/07\\\/sfn-marca.png\",\"contentUrl\":\"https:\\\/\\\/www.sanfernandonuestro.com.ar\\\/wp\\\/wp-content\\\/uploads\\\/2026\\\/07\\\/sfn-marca.png\",\"width\":390,\"height\":116,\"caption\":\"San Fernando Nuestro\"},\"image\":{\"@id\":\"https:\\\/\\\/www.sanfernandonuestro.com.ar\\\/wp\\\/#\\\/schema\\\/logo\\\/image\\\/\"},\"sameAs\":[\"https:\\\/\\\/www.facebook.com\\\/SanFernandoNuestro\\\/\",\"https:\\\/\\\/x.com\\\/sfnuestro\"]},{\"@type\":\"Person\",\"@id\":\"https:\\\/\\\/www.sanfernandonuestro.com.ar\\\/wp\\\/#\\\/schema\\\/person\\\/b42a4d7cb7767aa65f3c9bb2861fcbe7\",\"name\":\"Sabrina Garcia\",\"image\":{\"@type\":\"ImageObject\",\"inLanguage\":\"es\",\"@id\":\"https:\\\/\\\/secure.gravatar.com\\\/avatar\\\/635861e691b92a500308c1d7346bf695f797b11664daf3c231692c62a64f23fb?s=96&d=mm&r=g\",\"url\":\"https:\\\/\\\/secure.gravatar.com\\\/avatar\\\/635861e691b92a500308c1d7346bf695f797b11664daf3c231692c62a64f23fb?s=96&d=mm&r=g\",\"contentUrl\":\"https:\\\/\\\/secure.gravatar.com\\\/avatar\\\/635861e691b92a500308c1d7346bf695f797b11664daf3c231692c62a64f23fb?s=96&d=mm&r=g\",\"caption\":\"Sabrina Garcia\"},\"sameAs\":[\"https:\\\/\\\/www.facebook.com\\\/sabrina.v.garcia\",\"sgarcia\",\"https:\\\/\\\/x.com\\\/https:\\\/\\\/twitter.com\\\/garciasabri?lang=es\",\"https:\\\/\\\/www.youtube.com\\\/user\\\/garciasabri\"],\"url\":\"https:\\\/\\\/www.sanfernandonuestro.com.ar\\\/wp\\\/author\\\/sgarcia\\\/\"}]}<\/script>\n<!-- \/ Yoast SEO plugin. -->","yoast_head_json":{"title":"Operativo de desinfecci\u00f3n de frentes de casas y comercios en el barrio Alsina - San Fernando Nuestro","robots":{"index":"index","follow":"follow","max-snippet":"max-snippet:-1","max-image-preview":"max-image-preview:large","max-video-preview":"max-video-preview:-1"},"canonical":"https:\/\/www.sanfernandonuestro.com.ar\/wp\/operativo-de-desinfeccion-de-frentes-de-casas-y-comercios-en-el-barrio-alsina\/","og_locale":"es_ES","og_type":"article","og_title":"Operativo de desinfecci\u00f3n de frentes de casas y comercios en el barrio Alsina - San Fernando Nuestro","og_description":"El Municipio sigue realizando barreras de desinfecci\u00f3n de veredas, calles y fachadas de casas, bancos, centros de salud comercios y cuadras m\u00e1s transitadas de todo el distrito. Las tareas se","og_url":"https:\/\/www.sanfernandonuestro.com.ar\/wp\/operativo-de-desinfeccion-de-frentes-de-casas-y-comercios-en-el-barrio-alsina\/","og_site_name":"San Fernando Nuestro","article_publisher":"https:\/\/www.facebook.com\/SanFernandoNuestro\/","article_author":"https:\/\/www.facebook.com\/sabrina.v.garcia","article_published_time":"2020-08-28T11:38:24+00:00","article_modified_time":"2020-08-28T11:38:51+00:00","og_image":[{"width":1920,"height":1280,"url":"https:\/\/www.sanfernandonuestro.com.ar\/wp\/wp-content\/uploads\/2020\/08\/1-san-fernando-desinfeccion.jpg","type":"image\/jpeg"}],"author":"Sabrina Garcia","twitter_card":"summary_large_image","twitter_creator":"@https:\/\/twitter.com\/garciasabri?lang=es","twitter_site":"@sfnuestro","twitter_misc":{"Escrito por":"Sabrina Garcia","Tiempo de lectura":"2 minutos"},"schema":{"@context":"https:\/\/schema.org","@graph":[{"@type":"Article","@id":"https:\/\/www.sanfernandonuestro.com.ar\/wp\/operativo-de-desinfeccion-de-frentes-de-casas-y-comercios-en-el-barrio-alsina\/#article","isPartOf":{"@id":"https:\/\/www.sanfernandonuestro.com.ar\/wp\/operativo-de-desinfeccion-de-frentes-de-casas-y-comercios-en-el-barrio-alsina\/"},"author":{"name":"Sabrina Garcia","@id":"https:\/\/www.sanfernandonuestro.com.ar\/wp\/#\/schema\/person\/b42a4d7cb7767aa65f3c9bb2861fcbe7"},"headline":"Operativo de desinfecci\u00f3n de frentes de casas y comercios en el barrio Alsina","datePublished":"2020-08-28T11:38:24+00:00","dateModified":"2020-08-28T11:38:51+00:00","mainEntityOfPage":{"@id":"https:\/\/www.sanfernandonuestro.com.ar\/wp\/operativo-de-desinfeccion-de-frentes-de-casas-y-comercios-en-el-barrio-alsina\/"},"wordCount":327,"commentCount":0,"publisher":{"@id":"https:\/\/www.sanfernandonuestro.com.ar\/wp\/#organization"},"image":{"@id":"https:\/\/www.sanfernandonuestro.com.ar\/wp\/operativo-de-desinfeccion-de-frentes-de-casas-y-comercios-en-el-barrio-alsina\/#primaryimage"},"thumbnailUrl":"https:\/\/www.sanfernandonuestro.com.ar\/wp\/wp-content\/uploads\/2020\/08\/1-san-fernando-desinfeccion.jpg","keywords":["Barrio Alsina","COVID 19","Desinfecci\u00f3n"],"articleSection":["INFORMACI\u00d3N GENERAL"],"inLanguage":"es","potentialAction":[{"@type":"CommentAction","name":"Comment","target":["https:\/\/www.sanfernandonuestro.com.ar\/wp\/operativo-de-desinfeccion-de-frentes-de-casas-y-comercios-en-el-barrio-alsina\/#respond"]}]},{"@type":"WebPage","@id":"https:\/\/www.sanfernandonuestro.com.ar\/wp\/operativo-de-desinfeccion-de-frentes-de-casas-y-comercios-en-el-barrio-alsina\/","url":"https:\/\/www.sanfernandonuestro.com.ar\/wp\/operativo-de-desinfeccion-de-frentes-de-casas-y-comercios-en-el-barrio-alsina\/","name":"Operativo de desinfecci\u00f3n de frentes de casas y comercios en el barrio Alsina - San Fernando Nuestro","isPartOf":{"@id":"https:\/\/www.sanfernandonuestro.com.ar\/wp\/#website"},"primaryImageOfPage":{"@id":"https:\/\/www.sanfernandonuestro.com.ar\/wp\/operativo-de-desinfeccion-de-frentes-de-casas-y-comercios-en-el-barrio-alsina\/#primaryimage"},"image":{"@id":"https:\/\/www.sanfernandonuestro.com.ar\/wp\/operativo-de-desinfeccion-de-frentes-de-casas-y-comercios-en-el-barrio-alsina\/#primaryimage"},"thumbnailUrl":"https:\/\/www.sanfernandonuestro.com.ar\/wp\/wp-content\/uploads\/2020\/08\/1-san-fernando-desinfeccion.jpg","datePublished":"2020-08-28T11:38:24+00:00","dateModified":"2020-08-28T11:38:51+00:00","breadcrumb":{"@id":"https:\/\/www.sanfernandonuestro.com.ar\/wp\/operativo-de-desinfeccion-de-frentes-de-casas-y-comercios-en-el-barrio-alsina\/#breadcrumb"},"inLanguage":"es","potentialAction":[{"@type":"ReadAction","target":["https:\/\/www.sanfernandonuestro.com.ar\/wp\/operativo-de-desinfeccion-de-frentes-de-casas-y-comercios-en-el-barrio-alsina\/"]}]},{"@type":"ImageObject","inLanguage":"es","@id":"https:\/\/www.sanfernandonuestro.com.ar\/wp\/operativo-de-desinfeccion-de-frentes-de-casas-y-comercios-en-el-barrio-alsina\/#primaryimage","url":"https:\/\/www.sanfernandonuestro.com.ar\/wp\/wp-content\/uploads\/2020\/08\/1-san-fernando-desinfeccion.jpg","contentUrl":"https:\/\/www.sanfernandonuestro.com.ar\/wp\/wp-content\/uploads\/2020\/08\/1-san-fernando-desinfeccion.jpg","width":1920,"height":1280},{"@type":"BreadcrumbList","@id":"https:\/\/www.sanfernandonuestro.com.ar\/wp\/operativo-de-desinfeccion-de-frentes-de-casas-y-comercios-en-el-barrio-alsina\/#breadcrumb","itemListElement":[{"@type":"ListItem","position":1,"name":"Portada","item":"https:\/\/www.sanfernandonuestro.com.ar\/wp\/"},{"@type":"ListItem","position":2,"name":"Operativo de desinfecci\u00f3n de frentes de casas y comercios en el barrio Alsina"}]},{"@type":"WebSite","@id":"https:\/\/www.sanfernandonuestro.com.ar\/wp\/#website","url":"https:\/\/www.sanfernandonuestro.com.ar\/wp\/","name":"San Fernando Nuestro","description":"Un Lugar de Encuentro","publisher":{"@id":"https:\/\/www.sanfernandonuestro.com.ar\/wp\/#organization"},"potentialAction":[{"@type":"SearchAction","target":{"@type":"EntryPoint","urlTemplate":"https:\/\/www.sanfernandonuestro.com.ar\/wp\/?s={search_term_string}"},"query-input":{"@type":"PropertyValueSpecification","valueRequired":true,"valueName":"search_term_string"}}],"inLanguage":"es"},{"@type":"Organization","@id":"https:\/\/www.sanfernandonuestro.com.ar\/wp\/#organization","name":"San Fernando Nuestro","url":"https:\/\/www.sanfernandonuestro.com.ar\/wp\/","logo":{"@type":"ImageObject","inLanguage":"es","@id":"https:\/\/www.sanfernandonuestro.com.ar\/wp\/#\/schema\/logo\/image\/","url":"https:\/\/www.sanfernandonuestro.com.ar\/wp\/wp-content\/uploads\/2026\/07\/sfn-marca.png","contentUrl":"https:\/\/www.sanfernandonuestro.com.ar\/wp\/wp-content\/uploads\/2026\/07\/sfn-marca.png","width":390,"height":116,"caption":"San Fernando Nuestro"},"image":{"@id":"https:\/\/www.sanfernandonuestro.com.ar\/wp\/#\/schema\/logo\/image\/"},"sameAs":["https:\/\/www.facebook.com\/SanFernandoNuestro\/","https:\/\/x.com\/sfnuestro"]},{"@type":"Person","@id":"https:\/\/www.sanfernandonuestro.com.ar\/wp\/#\/schema\/person\/b42a4d7cb7767aa65f3c9bb2861fcbe7","name":"Sabrina Garcia","image":{"@type":"ImageObject","inLanguage":"es","@id":"https:\/\/secure.gravatar.com\/avatar\/635861e691b92a500308c1d7346bf695f797b11664daf3c231692c62a64f23fb?s=96&d=mm&r=g","url":"https:\/\/secure.gravatar.com\/avatar\/635861e691b92a500308c1d7346bf695f797b11664daf3c231692c62a64f23fb?s=96&d=mm&r=g","contentUrl":"https:\/\/secure.gravatar.com\/avatar\/635861e691b92a500308c1d7346bf695f797b11664daf3c231692c62a64f23fb?s=96&d=mm&r=g","caption":"Sabrina Garcia"},"sameAs":["https:\/\/www.facebook.com\/sabrina.v.garcia","sgarcia","https:\/\/x.com\/https:\/\/twitter.com\/garciasabri?lang=es","https:\/\/www.youtube.com\/user\/garciasabri"],"url":"https:\/\/www.sanfernandonuestro.com.ar\/wp\/author\/sgarcia\/"}]}},"_links":{"self":[{"href":"https:\/\/www.sanfernandonuestro.com.ar\/wp\/wp-json\/wp\/v2\/posts\/55176","targetHints":{"allow":["GET"]}}],"collection":[{"href":"https:\/\/www.sanfernandonuestro.com.ar\/wp\/wp-json\/wp\/v2\/posts"}],"about":[{"href":"https:\/\/www.sanfernandonuestro.com.ar\/wp\/wp-json\/wp\/v2\/types\/post"}],"author":[{"embeddable":true,"href":"https:\/\/www.sanfernandonuestro.com.ar\/wp\/wp-json\/wp\/v2\/users\/3"}],"replies":[{"embeddable":true,"href":"https:\/\/www.sanfernandonuestro.com.ar\/wp\/wp-json\/wp\/v2\/comments?post=55176"}],"version-history":[{"count":0,"href":"https:\/\/www.sanfernandonuestro.com.ar\/wp\/wp-json\/wp\/v2\/posts\/55176\/revisions"}],"wp:featuredmedia":[{"embeddable":true,"href":"https:\/\/www.sanfernandonuestro.com.ar\/wp\/wp-json\/wp\/v2\/media\/55177"}],"wp:attachment":[{"href":"https:\/\/www.sanfernandonuestro.com.ar\/wp\/wp-json\/wp\/v2\/media?parent=55176"}],"wp:term":[{"taxonomy":"category","embeddable":true,"href":"https:\/\/www.sanfernandonuestro.com.ar\/wp\/wp-json\/wp\/v2\/categories?post=55176"},{"taxonomy":"post_tag","embeddable":true,"href":"https:\/\/www.sanfernandonuestro.com.ar\/wp\/wp-json\/wp\/v2\/tags?post=55176"}],"curies":[{"name":"wp","href":"https:\/\/api.w.org\/{rel}","templated":true}]}}