{"id":56781,"date":"2020-12-15T14:53:19","date_gmt":"2020-12-15T17:53:19","guid":{"rendered":"https:\/\/www.sanfernandonuestro.com.ar\/wp\/?p=56781"},"modified":"2020-12-15T14:53:19","modified_gmt":"2020-12-15T17:53:19","slug":"en-el-anfiteatro-del-parque-del-bicentenario-se-realizo-la-pena-folklorica-a-cielo-abierto","status":"publish","type":"post","link":"https:\/\/www.sanfernandonuestro.com.ar\/wp\/en-el-anfiteatro-del-parque-del-bicentenario-se-realizo-la-pena-folklorica-a-cielo-abierto\/","title":{"rendered":"En el anfiteatro del Parque Del Bicentenario se realiz\u00f3 la pe\u00f1a folkl\u00f3rica a cielo abierto"},"content":{"rendered":"<p><strong>En un clima familiar se llev\u00f3 a cabo un evento cultural en el anfiteatro del Parque del Bicentenario de la Independencia. Los vecinos gozaron de una jornada al aire libre con la participaci\u00f3n de destacados grupos folcl\u00f3ricos locales y m\u00fasica en vivo.<\/strong><\/p><div id=\"sanfe-2573332827\" class=\"sanfe-contenido sanfe-entity-placement\" style=\"margin-top: 1px;margin-right: 2px;\"><script async src=\"\/\/pagead2.googlesyndication.com\/pagead\/js\/adsbygoogle.js\"><\/script>\r\n<!-- anuncio -->\r\n<ins class=\"adsbygoogle\"\r\n     style=\"display:block\"\r\n     data-ad-client=\"ca-pub-6719099566820218\"\r\n     data-ad-slot=\"4258158415\"\r\n     data-ad-format=\"auto\"\r\n     data-full-width-responsive=\"true\"><\/ins>\r\n<script>\r\n(adsbygoogle = window.adsbygoogle || []).push({});\r\n<\/script><\/div><br style=\"clear: both; display: block; float: none;\"\/>\n<p><a href=\"https:\/\/www.sanfernandonuestro.com.ar\/wp\/wp-content\/uploads\/2020\/12\/52.jpg\"><img loading=\"lazy\" decoding=\"async\" class=\"alignleft wp-image-56783 size-medium\" src=\"https:\/\/www.sanfernandonuestro.com.ar\/wp\/wp-content\/uploads\/2020\/12\/52-300x200.jpg\" alt=\"5\" width=\"300\" height=\"200\" srcset=\"https:\/\/www.sanfernandonuestro.com.ar\/wp\/wp-content\/uploads\/2020\/12\/52-300x200.jpg 300w, https:\/\/www.sanfernandonuestro.com.ar\/wp\/wp-content\/uploads\/2020\/12\/52-1024x682.jpg 1024w, https:\/\/www.sanfernandonuestro.com.ar\/wp\/wp-content\/uploads\/2020\/12\/52.jpg 1920w\" sizes=\"auto, (max-width: 300px) 100vw, 300px\" \/><\/a>El Municipio llev\u00f3 adelante un evento folcl\u00f3rico en el anfiteatro del Parque Del Bicentenario, ubicado en Beruti y Los Pinos. Durante la jornada a cielo abierto, los vecinos disfrutaron de la participaci\u00f3n de La Clave Folkl\u00f3rica, el elenco Municipal de Danza, Florencia Silva, la Compa\u00f1\u00eda Guacha Argentina y La Bolada Folk.<\/p>\n<p>El director de Cultura y Turismo del Municipio, N\u00e9stor Torchia, expres\u00f3: \u201cHemos vuelto con las pe\u00f1as y actividades al aire libre, estamos muy contentos en el Parque del Bicentenario compartiendo con muchos vecinos y con grandes artistas de folklore. Este a\u00f1o ha sido muy complicado para realizar eventos al aire libre y tambi\u00e9n por la cantidad de artistas que tenemos en el distrito. Estamos felices de comenzar con estas actividades para el disfrute de todos los sanfernandinos y generar una fuente de trabajo para los artistas locales\u201d.<\/p>\n<p>Por su parte, Luis Leonardo Ponce, vocalista de La Clave Folcl\u00f3rica, coment\u00f3: \u201cEstamos muy contentos de poder volver al ruedo, hace 9 meses que no est\u00e1bamos tocando y el m\u00fasico necesita estos espacios para compartir su arte con los vecinos. Agradecemos al Municipio que acompa\u00f1a a los artistas locales y organiza estas movidas hermosas para los vecinos de San Fernando. El parque est\u00e1 hermoso y la tarde se prest\u00f3 para bailar folklore y cuid\u00e1ndonos entre todos con tapabocas y alcohol en gel\u201d.<\/p>\n<p>Carolina Longo, integrante de la Compa\u00f1\u00eda Gaucha Argentina, celebr\u00f3: \u201cEstamos muy contentos, extra\u00f1amos much\u00edsimo pisar escenarios y emocionados por estos espacios que nos brindan esa oportunidad. Hicimos un show de malambo y boleadoras y a los vecinos les gust\u00f3 mucho, siempre nos acompa\u00f1an. Nuestro ballet mezcla de varones y mujeres y eso es importante para hacer crecer al folklore\u201d.<\/p>\n<p>Los vecinos presentes tambi\u00e9n opinaron sobre el esperado evento. Por ejemplo, Mirta dijo: \u201cLa pe\u00f1a me parece buen\u00edsima, muy bien organizada y los artistas de primer nivel\u201d. En tanto, H\u00e9ctor coment\u00f3: \u201cEstamos encantados con estas actividades, vinimos con el mate y la reposera a pasar un lindo momento en familia y con folklore que tanto nos gusta\u201d.<\/p>\n<p>Por \u00faltimo, Anal\u00eda manifest\u00f3: \u201cFelicito al Municipio por estas iniciativas, siempre pensando en los vecinos. Vine con mi novio y bailamos un poco. Los artistas estuvieron impecables, ojal\u00e1 que se repita\u201d.<\/p>\n\t\t\n\t\t\t\t\t<div class=\"video-container\">\n\t\t\t\t\t\t<iframe loading=\"lazy\" width=\"820\" height=\"615\" src=\"http:\/\/www.youtube.com\/embed\/jMMcqHsxEvg?rel=0\" frameborder=\"0\" allowfullscreen><\/iframe>\n\t\t\t\t\t<\/div>\n<p>Fuente: San Fernando Municipio<\/p>\n","protected":false},"excerpt":{"rendered":"<p>En un clima familiar se llev\u00f3 a cabo un evento cultural en el anfiteatro del Parque del Bicentenario de la Independencia. Los vecinos gozaron de una jornada al aire libre<\/p>\n","protected":false},"author":3,"featured_media":56782,"comment_status":"open","ping_status":"open","sticky":false,"template":"","format":"standard","meta":{"footnotes":""},"categories":[86],"tags":[],"class_list":["post-56781","post","type-post","status-publish","format-standard","has-post-thumbnail","hentry","category-cultura-noticias"],"yoast_head":"<!-- This site is optimized with the Yoast SEO plugin v28.3 - https:\/\/yoast.com\/product\/yoast-seo-wordpress\/ -->\n<title>En el anfiteatro del Parque Del Bicentenario se realiz\u00f3 la pe\u00f1a folkl\u00f3rica a cielo abierto - San Fernando Nuestro<\/title>\n<meta name=\"robots\" content=\"index, follow, max-snippet:-1, max-image-preview:large, max-video-preview:-1\" \/>\n<link rel=\"canonical\" href=\"https:\/\/www.sanfernandonuestro.com.ar\/wp\/en-el-anfiteatro-del-parque-del-bicentenario-se-realizo-la-pena-folklorica-a-cielo-abierto\/\" \/>\n<meta property=\"og:locale\" content=\"es_ES\" \/>\n<meta property=\"og:type\" content=\"article\" \/>\n<meta property=\"og:title\" content=\"En el anfiteatro del Parque Del Bicentenario se realiz\u00f3 la pe\u00f1a folkl\u00f3rica a cielo abierto - San Fernando Nuestro\" \/>\n<meta property=\"og:description\" content=\"En un clima familiar se llev\u00f3 a cabo un evento cultural en el anfiteatro del Parque del Bicentenario de la Independencia. Los vecinos gozaron de una jornada al aire libre\" \/>\n<meta property=\"og:url\" content=\"https:\/\/www.sanfernandonuestro.com.ar\/wp\/en-el-anfiteatro-del-parque-del-bicentenario-se-realizo-la-pena-folklorica-a-cielo-abierto\/\" \/>\n<meta property=\"og:site_name\" content=\"San Fernando Nuestro\" \/>\n<meta property=\"article:publisher\" content=\"https:\/\/www.facebook.com\/SanFernandoNuestro\/\" \/>\n<meta property=\"article:author\" content=\"https:\/\/www.facebook.com\/sabrina.v.garcia\" \/>\n<meta property=\"article:published_time\" content=\"2020-12-15T17:53:19+00:00\" \/>\n<meta property=\"og:image\" content=\"https:\/\/www.sanfernandonuestro.com.ar\/wp\/wp-content\/uploads\/2020\/12\/21.jpg\" \/>\n\t<meta property=\"og:image:width\" content=\"1920\" \/>\n\t<meta property=\"og:image:height\" content=\"1280\" \/>\n\t<meta property=\"og:image:type\" content=\"image\/jpeg\" \/>\n<meta name=\"author\" content=\"Sabrina Garcia\" \/>\n<meta name=\"twitter:card\" content=\"summary_large_image\" \/>\n<meta name=\"twitter:creator\" content=\"@https:\/\/twitter.com\/garciasabri?lang=es\" \/>\n<meta name=\"twitter:site\" content=\"@sfnuestro\" \/>\n<meta name=\"twitter:label1\" content=\"Escrito por\" \/>\n\t<meta name=\"twitter:data1\" content=\"Sabrina Garcia\" \/>\n\t<meta name=\"twitter:label2\" content=\"Tiempo de lectura\" \/>\n\t<meta name=\"twitter:data2\" content=\"2 minutos\" \/>\n<script type=\"application\/ld+json\" class=\"yoast-schema-graph\">{\"@context\":\"https:\\\/\\\/schema.org\",\"@graph\":[{\"@type\":\"Article\",\"@id\":\"https:\\\/\\\/www.sanfernandonuestro.com.ar\\\/wp\\\/en-el-anfiteatro-del-parque-del-bicentenario-se-realizo-la-pena-folklorica-a-cielo-abierto\\\/#article\",\"isPartOf\":{\"@id\":\"https:\\\/\\\/www.sanfernandonuestro.com.ar\\\/wp\\\/en-el-anfiteatro-del-parque-del-bicentenario-se-realizo-la-pena-folklorica-a-cielo-abierto\\\/\"},\"author\":{\"name\":\"Sabrina Garcia\",\"@id\":\"https:\\\/\\\/www.sanfernandonuestro.com.ar\\\/wp\\\/#\\\/schema\\\/person\\\/b42a4d7cb7767aa65f3c9bb2861fcbe7\"},\"headline\":\"En el anfiteatro del Parque Del Bicentenario se realiz\u00f3 la pe\u00f1a folkl\u00f3rica a cielo abierto\",\"datePublished\":\"2020-12-15T17:53:19+00:00\",\"mainEntityOfPage\":{\"@id\":\"https:\\\/\\\/www.sanfernandonuestro.com.ar\\\/wp\\\/en-el-anfiteatro-del-parque-del-bicentenario-se-realizo-la-pena-folklorica-a-cielo-abierto\\\/\"},\"wordCount\":462,\"commentCount\":0,\"publisher\":{\"@id\":\"https:\\\/\\\/www.sanfernandonuestro.com.ar\\\/wp\\\/#organization\"},\"image\":{\"@id\":\"https:\\\/\\\/www.sanfernandonuestro.com.ar\\\/wp\\\/en-el-anfiteatro-del-parque-del-bicentenario-se-realizo-la-pena-folklorica-a-cielo-abierto\\\/#primaryimage\"},\"thumbnailUrl\":\"https:\\\/\\\/www.sanfernandonuestro.com.ar\\\/wp\\\/wp-content\\\/uploads\\\/2020\\\/12\\\/21.jpg\",\"articleSection\":[\"CULTURA\"],\"inLanguage\":\"es\",\"potentialAction\":[{\"@type\":\"CommentAction\",\"name\":\"Comment\",\"target\":[\"https:\\\/\\\/www.sanfernandonuestro.com.ar\\\/wp\\\/en-el-anfiteatro-del-parque-del-bicentenario-se-realizo-la-pena-folklorica-a-cielo-abierto\\\/#respond\"]}]},{\"@type\":\"WebPage\",\"@id\":\"https:\\\/\\\/www.sanfernandonuestro.com.ar\\\/wp\\\/en-el-anfiteatro-del-parque-del-bicentenario-se-realizo-la-pena-folklorica-a-cielo-abierto\\\/\",\"url\":\"https:\\\/\\\/www.sanfernandonuestro.com.ar\\\/wp\\\/en-el-anfiteatro-del-parque-del-bicentenario-se-realizo-la-pena-folklorica-a-cielo-abierto\\\/\",\"name\":\"En el anfiteatro del Parque Del Bicentenario se realiz\u00f3 la pe\u00f1a folkl\u00f3rica a cielo abierto - San Fernando Nuestro\",\"isPartOf\":{\"@id\":\"https:\\\/\\\/www.sanfernandonuestro.com.ar\\\/wp\\\/#website\"},\"primaryImageOfPage\":{\"@id\":\"https:\\\/\\\/www.sanfernandonuestro.com.ar\\\/wp\\\/en-el-anfiteatro-del-parque-del-bicentenario-se-realizo-la-pena-folklorica-a-cielo-abierto\\\/#primaryimage\"},\"image\":{\"@id\":\"https:\\\/\\\/www.sanfernandonuestro.com.ar\\\/wp\\\/en-el-anfiteatro-del-parque-del-bicentenario-se-realizo-la-pena-folklorica-a-cielo-abierto\\\/#primaryimage\"},\"thumbnailUrl\":\"https:\\\/\\\/www.sanfernandonuestro.com.ar\\\/wp\\\/wp-content\\\/uploads\\\/2020\\\/12\\\/21.jpg\",\"datePublished\":\"2020-12-15T17:53:19+00:00\",\"breadcrumb\":{\"@id\":\"https:\\\/\\\/www.sanfernandonuestro.com.ar\\\/wp\\\/en-el-anfiteatro-del-parque-del-bicentenario-se-realizo-la-pena-folklorica-a-cielo-abierto\\\/#breadcrumb\"},\"inLanguage\":\"es\",\"potentialAction\":[{\"@type\":\"ReadAction\",\"target\":[\"https:\\\/\\\/www.sanfernandonuestro.com.ar\\\/wp\\\/en-el-anfiteatro-del-parque-del-bicentenario-se-realizo-la-pena-folklorica-a-cielo-abierto\\\/\"]}]},{\"@type\":\"ImageObject\",\"inLanguage\":\"es\",\"@id\":\"https:\\\/\\\/www.sanfernandonuestro.com.ar\\\/wp\\\/en-el-anfiteatro-del-parque-del-bicentenario-se-realizo-la-pena-folklorica-a-cielo-abierto\\\/#primaryimage\",\"url\":\"https:\\\/\\\/www.sanfernandonuestro.com.ar\\\/wp\\\/wp-content\\\/uploads\\\/2020\\\/12\\\/21.jpg\",\"contentUrl\":\"https:\\\/\\\/www.sanfernandonuestro.com.ar\\\/wp\\\/wp-content\\\/uploads\\\/2020\\\/12\\\/21.jpg\",\"width\":1920,\"height\":1280},{\"@type\":\"BreadcrumbList\",\"@id\":\"https:\\\/\\\/www.sanfernandonuestro.com.ar\\\/wp\\\/en-el-anfiteatro-del-parque-del-bicentenario-se-realizo-la-pena-folklorica-a-cielo-abierto\\\/#breadcrumb\",\"itemListElement\":[{\"@type\":\"ListItem\",\"position\":1,\"name\":\"Portada\",\"item\":\"https:\\\/\\\/www.sanfernandonuestro.com.ar\\\/wp\\\/\"},{\"@type\":\"ListItem\",\"position\":2,\"name\":\"En el anfiteatro del Parque Del Bicentenario se realiz\u00f3 la pe\u00f1a folkl\u00f3rica a cielo abierto\"}]},{\"@type\":\"WebSite\",\"@id\":\"https:\\\/\\\/www.sanfernandonuestro.com.ar\\\/wp\\\/#website\",\"url\":\"https:\\\/\\\/www.sanfernandonuestro.com.ar\\\/wp\\\/\",\"name\":\"San Fernando Nuestro\",\"description\":\"Un Lugar de Encuentro\",\"publisher\":{\"@id\":\"https:\\\/\\\/www.sanfernandonuestro.com.ar\\\/wp\\\/#organization\"},\"potentialAction\":[{\"@type\":\"SearchAction\",\"target\":{\"@type\":\"EntryPoint\",\"urlTemplate\":\"https:\\\/\\\/www.sanfernandonuestro.com.ar\\\/wp\\\/?s={search_term_string}\"},\"query-input\":{\"@type\":\"PropertyValueSpecification\",\"valueRequired\":true,\"valueName\":\"search_term_string\"}}],\"inLanguage\":\"es\"},{\"@type\":\"Organization\",\"@id\":\"https:\\\/\\\/www.sanfernandonuestro.com.ar\\\/wp\\\/#organization\",\"name\":\"San Fernando Nuestro\",\"url\":\"https:\\\/\\\/www.sanfernandonuestro.com.ar\\\/wp\\\/\",\"logo\":{\"@type\":\"ImageObject\",\"inLanguage\":\"es\",\"@id\":\"https:\\\/\\\/www.sanfernandonuestro.com.ar\\\/wp\\\/#\\\/schema\\\/logo\\\/image\\\/\",\"url\":\"https:\\\/\\\/www.sanfernandonuestro.com.ar\\\/wp\\\/wp-content\\\/uploads\\\/2026\\\/07\\\/sfn-marca.png\",\"contentUrl\":\"https:\\\/\\\/www.sanfernandonuestro.com.ar\\\/wp\\\/wp-content\\\/uploads\\\/2026\\\/07\\\/sfn-marca.png\",\"width\":390,\"height\":116,\"caption\":\"San Fernando Nuestro\"},\"image\":{\"@id\":\"https:\\\/\\\/www.sanfernandonuestro.com.ar\\\/wp\\\/#\\\/schema\\\/logo\\\/image\\\/\"},\"sameAs\":[\"https:\\\/\\\/www.facebook.com\\\/SanFernandoNuestro\\\/\",\"https:\\\/\\\/x.com\\\/sfnuestro\"]},{\"@type\":\"Person\",\"@id\":\"https:\\\/\\\/www.sanfernandonuestro.com.ar\\\/wp\\\/#\\\/schema\\\/person\\\/b42a4d7cb7767aa65f3c9bb2861fcbe7\",\"name\":\"Sabrina Garcia\",\"image\":{\"@type\":\"ImageObject\",\"inLanguage\":\"es\",\"@id\":\"https:\\\/\\\/secure.gravatar.com\\\/avatar\\\/635861e691b92a500308c1d7346bf695f797b11664daf3c231692c62a64f23fb?s=96&d=mm&r=g\",\"url\":\"https:\\\/\\\/secure.gravatar.com\\\/avatar\\\/635861e691b92a500308c1d7346bf695f797b11664daf3c231692c62a64f23fb?s=96&d=mm&r=g\",\"contentUrl\":\"https:\\\/\\\/secure.gravatar.com\\\/avatar\\\/635861e691b92a500308c1d7346bf695f797b11664daf3c231692c62a64f23fb?s=96&d=mm&r=g\",\"caption\":\"Sabrina Garcia\"},\"sameAs\":[\"https:\\\/\\\/www.facebook.com\\\/sabrina.v.garcia\",\"sgarcia\",\"https:\\\/\\\/x.com\\\/https:\\\/\\\/twitter.com\\\/garciasabri?lang=es\",\"https:\\\/\\\/www.youtube.com\\\/user\\\/garciasabri\"],\"url\":\"https:\\\/\\\/www.sanfernandonuestro.com.ar\\\/wp\\\/author\\\/sgarcia\\\/\"}]}<\/script>\n<!-- \/ Yoast SEO plugin. -->","yoast_head_json":{"title":"En el anfiteatro del Parque Del Bicentenario se realiz\u00f3 la pe\u00f1a folkl\u00f3rica a cielo abierto - San Fernando Nuestro","robots":{"index":"index","follow":"follow","max-snippet":"max-snippet:-1","max-image-preview":"max-image-preview:large","max-video-preview":"max-video-preview:-1"},"canonical":"https:\/\/www.sanfernandonuestro.com.ar\/wp\/en-el-anfiteatro-del-parque-del-bicentenario-se-realizo-la-pena-folklorica-a-cielo-abierto\/","og_locale":"es_ES","og_type":"article","og_title":"En el anfiteatro del Parque Del Bicentenario se realiz\u00f3 la pe\u00f1a folkl\u00f3rica a cielo abierto - San Fernando Nuestro","og_description":"En un clima familiar se llev\u00f3 a cabo un evento cultural en el anfiteatro del Parque del Bicentenario de la Independencia. Los vecinos gozaron de una jornada al aire libre","og_url":"https:\/\/www.sanfernandonuestro.com.ar\/wp\/en-el-anfiteatro-del-parque-del-bicentenario-se-realizo-la-pena-folklorica-a-cielo-abierto\/","og_site_name":"San Fernando Nuestro","article_publisher":"https:\/\/www.facebook.com\/SanFernandoNuestro\/","article_author":"https:\/\/www.facebook.com\/sabrina.v.garcia","article_published_time":"2020-12-15T17:53:19+00:00","og_image":[{"width":1920,"height":1280,"url":"https:\/\/www.sanfernandonuestro.com.ar\/wp\/wp-content\/uploads\/2020\/12\/21.jpg","type":"image\/jpeg"}],"author":"Sabrina Garcia","twitter_card":"summary_large_image","twitter_creator":"@https:\/\/twitter.com\/garciasabri?lang=es","twitter_site":"@sfnuestro","twitter_misc":{"Escrito por":"Sabrina Garcia","Tiempo de lectura":"2 minutos"},"schema":{"@context":"https:\/\/schema.org","@graph":[{"@type":"Article","@id":"https:\/\/www.sanfernandonuestro.com.ar\/wp\/en-el-anfiteatro-del-parque-del-bicentenario-se-realizo-la-pena-folklorica-a-cielo-abierto\/#article","isPartOf":{"@id":"https:\/\/www.sanfernandonuestro.com.ar\/wp\/en-el-anfiteatro-del-parque-del-bicentenario-se-realizo-la-pena-folklorica-a-cielo-abierto\/"},"author":{"name":"Sabrina Garcia","@id":"https:\/\/www.sanfernandonuestro.com.ar\/wp\/#\/schema\/person\/b42a4d7cb7767aa65f3c9bb2861fcbe7"},"headline":"En el anfiteatro del Parque Del Bicentenario se realiz\u00f3 la pe\u00f1a folkl\u00f3rica a cielo abierto","datePublished":"2020-12-15T17:53:19+00:00","mainEntityOfPage":{"@id":"https:\/\/www.sanfernandonuestro.com.ar\/wp\/en-el-anfiteatro-del-parque-del-bicentenario-se-realizo-la-pena-folklorica-a-cielo-abierto\/"},"wordCount":462,"commentCount":0,"publisher":{"@id":"https:\/\/www.sanfernandonuestro.com.ar\/wp\/#organization"},"image":{"@id":"https:\/\/www.sanfernandonuestro.com.ar\/wp\/en-el-anfiteatro-del-parque-del-bicentenario-se-realizo-la-pena-folklorica-a-cielo-abierto\/#primaryimage"},"thumbnailUrl":"https:\/\/www.sanfernandonuestro.com.ar\/wp\/wp-content\/uploads\/2020\/12\/21.jpg","articleSection":["CULTURA"],"inLanguage":"es","potentialAction":[{"@type":"CommentAction","name":"Comment","target":["https:\/\/www.sanfernandonuestro.com.ar\/wp\/en-el-anfiteatro-del-parque-del-bicentenario-se-realizo-la-pena-folklorica-a-cielo-abierto\/#respond"]}]},{"@type":"WebPage","@id":"https:\/\/www.sanfernandonuestro.com.ar\/wp\/en-el-anfiteatro-del-parque-del-bicentenario-se-realizo-la-pena-folklorica-a-cielo-abierto\/","url":"https:\/\/www.sanfernandonuestro.com.ar\/wp\/en-el-anfiteatro-del-parque-del-bicentenario-se-realizo-la-pena-folklorica-a-cielo-abierto\/","name":"En el anfiteatro del Parque Del Bicentenario se realiz\u00f3 la pe\u00f1a folkl\u00f3rica a cielo abierto - San Fernando Nuestro","isPartOf":{"@id":"https:\/\/www.sanfernandonuestro.com.ar\/wp\/#website"},"primaryImageOfPage":{"@id":"https:\/\/www.sanfernandonuestro.com.ar\/wp\/en-el-anfiteatro-del-parque-del-bicentenario-se-realizo-la-pena-folklorica-a-cielo-abierto\/#primaryimage"},"image":{"@id":"https:\/\/www.sanfernandonuestro.com.ar\/wp\/en-el-anfiteatro-del-parque-del-bicentenario-se-realizo-la-pena-folklorica-a-cielo-abierto\/#primaryimage"},"thumbnailUrl":"https:\/\/www.sanfernandonuestro.com.ar\/wp\/wp-content\/uploads\/2020\/12\/21.jpg","datePublished":"2020-12-15T17:53:19+00:00","breadcrumb":{"@id":"https:\/\/www.sanfernandonuestro.com.ar\/wp\/en-el-anfiteatro-del-parque-del-bicentenario-se-realizo-la-pena-folklorica-a-cielo-abierto\/#breadcrumb"},"inLanguage":"es","potentialAction":[{"@type":"ReadAction","target":["https:\/\/www.sanfernandonuestro.com.ar\/wp\/en-el-anfiteatro-del-parque-del-bicentenario-se-realizo-la-pena-folklorica-a-cielo-abierto\/"]}]},{"@type":"ImageObject","inLanguage":"es","@id":"https:\/\/www.sanfernandonuestro.com.ar\/wp\/en-el-anfiteatro-del-parque-del-bicentenario-se-realizo-la-pena-folklorica-a-cielo-abierto\/#primaryimage","url":"https:\/\/www.sanfernandonuestro.com.ar\/wp\/wp-content\/uploads\/2020\/12\/21.jpg","contentUrl":"https:\/\/www.sanfernandonuestro.com.ar\/wp\/wp-content\/uploads\/2020\/12\/21.jpg","width":1920,"height":1280},{"@type":"BreadcrumbList","@id":"https:\/\/www.sanfernandonuestro.com.ar\/wp\/en-el-anfiteatro-del-parque-del-bicentenario-se-realizo-la-pena-folklorica-a-cielo-abierto\/#breadcrumb","itemListElement":[{"@type":"ListItem","position":1,"name":"Portada","item":"https:\/\/www.sanfernandonuestro.com.ar\/wp\/"},{"@type":"ListItem","position":2,"name":"En el anfiteatro del Parque Del Bicentenario se realiz\u00f3 la pe\u00f1a folkl\u00f3rica a cielo abierto"}]},{"@type":"WebSite","@id":"https:\/\/www.sanfernandonuestro.com.ar\/wp\/#website","url":"https:\/\/www.sanfernandonuestro.com.ar\/wp\/","name":"San Fernando Nuestro","description":"Un Lugar de Encuentro","publisher":{"@id":"https:\/\/www.sanfernandonuestro.com.ar\/wp\/#organization"},"potentialAction":[{"@type":"SearchAction","target":{"@type":"EntryPoint","urlTemplate":"https:\/\/www.sanfernandonuestro.com.ar\/wp\/?s={search_term_string}"},"query-input":{"@type":"PropertyValueSpecification","valueRequired":true,"valueName":"search_term_string"}}],"inLanguage":"es"},{"@type":"Organization","@id":"https:\/\/www.sanfernandonuestro.com.ar\/wp\/#organization","name":"San Fernando Nuestro","url":"https:\/\/www.sanfernandonuestro.com.ar\/wp\/","logo":{"@type":"ImageObject","inLanguage":"es","@id":"https:\/\/www.sanfernandonuestro.com.ar\/wp\/#\/schema\/logo\/image\/","url":"https:\/\/www.sanfernandonuestro.com.ar\/wp\/wp-content\/uploads\/2026\/07\/sfn-marca.png","contentUrl":"https:\/\/www.sanfernandonuestro.com.ar\/wp\/wp-content\/uploads\/2026\/07\/sfn-marca.png","width":390,"height":116,"caption":"San Fernando Nuestro"},"image":{"@id":"https:\/\/www.sanfernandonuestro.com.ar\/wp\/#\/schema\/logo\/image\/"},"sameAs":["https:\/\/www.facebook.com\/SanFernandoNuestro\/","https:\/\/x.com\/sfnuestro"]},{"@type":"Person","@id":"https:\/\/www.sanfernandonuestro.com.ar\/wp\/#\/schema\/person\/b42a4d7cb7767aa65f3c9bb2861fcbe7","name":"Sabrina Garcia","image":{"@type":"ImageObject","inLanguage":"es","@id":"https:\/\/secure.gravatar.com\/avatar\/635861e691b92a500308c1d7346bf695f797b11664daf3c231692c62a64f23fb?s=96&d=mm&r=g","url":"https:\/\/secure.gravatar.com\/avatar\/635861e691b92a500308c1d7346bf695f797b11664daf3c231692c62a64f23fb?s=96&d=mm&r=g","contentUrl":"https:\/\/secure.gravatar.com\/avatar\/635861e691b92a500308c1d7346bf695f797b11664daf3c231692c62a64f23fb?s=96&d=mm&r=g","caption":"Sabrina Garcia"},"sameAs":["https:\/\/www.facebook.com\/sabrina.v.garcia","sgarcia","https:\/\/x.com\/https:\/\/twitter.com\/garciasabri?lang=es","https:\/\/www.youtube.com\/user\/garciasabri"],"url":"https:\/\/www.sanfernandonuestro.com.ar\/wp\/author\/sgarcia\/"}]}},"_links":{"self":[{"href":"https:\/\/www.sanfernandonuestro.com.ar\/wp\/wp-json\/wp\/v2\/posts\/56781","targetHints":{"allow":["GET"]}}],"collection":[{"href":"https:\/\/www.sanfernandonuestro.com.ar\/wp\/wp-json\/wp\/v2\/posts"}],"about":[{"href":"https:\/\/www.sanfernandonuestro.com.ar\/wp\/wp-json\/wp\/v2\/types\/post"}],"author":[{"embeddable":true,"href":"https:\/\/www.sanfernandonuestro.com.ar\/wp\/wp-json\/wp\/v2\/users\/3"}],"replies":[{"embeddable":true,"href":"https:\/\/www.sanfernandonuestro.com.ar\/wp\/wp-json\/wp\/v2\/comments?post=56781"}],"version-history":[{"count":0,"href":"https:\/\/www.sanfernandonuestro.com.ar\/wp\/wp-json\/wp\/v2\/posts\/56781\/revisions"}],"wp:featuredmedia":[{"embeddable":true,"href":"https:\/\/www.sanfernandonuestro.com.ar\/wp\/wp-json\/wp\/v2\/media\/56782"}],"wp:attachment":[{"href":"https:\/\/www.sanfernandonuestro.com.ar\/wp\/wp-json\/wp\/v2\/media?parent=56781"}],"wp:term":[{"taxonomy":"category","embeddable":true,"href":"https:\/\/www.sanfernandonuestro.com.ar\/wp\/wp-json\/wp\/v2\/categories?post=56781"},{"taxonomy":"post_tag","embeddable":true,"href":"https:\/\/www.sanfernandonuestro.com.ar\/wp\/wp-json\/wp\/v2\/tags?post=56781"}],"curies":[{"name":"wp","href":"https:\/\/api.w.org\/{rel}","templated":true}]}}